{"id":24184,"date":"2025-01-27T12:54:28","date_gmt":"2025-01-27T12:54:28","guid":{"rendered":"https:\/\/enteculturalsantafesino.com.ar\/usina1\/?p=24184"},"modified":"2025-01-27T13:36:05","modified_gmt":"2025-01-27T13:36:05","slug":"abanderados-llego-a-el-trebol-y-sumo-una-nueva-bandera","status":"publish","type":"post","link":"https:\/\/enteculturalsantafesino.com.ar\/usina1\/2025\/01\/abanderados-llego-a-el-trebol-y-sumo-una-nueva-bandera\/","title":{"rendered":"\u00abAbanderados\u00bb lleg\u00f3 a El Tr\u00e9bol y sum\u00f3 una nueva bandera"},"content":{"rendered":"\n<p>El programa perteneciente al\u00a0<strong>Ente Cultural Santafesino<\/strong>\u00a0contin\u00faa con su recorrido por el territorio santafesino. Banderas de 12 departamentos y m\u00e1s de 40 comunidades, llegaron a la comunidad del dpto. San Mart\u00edn. .<\/p>\n\n\n\n<p>El&nbsp;<strong>jueves 23 de enero<\/strong>&nbsp;en el&nbsp;<strong>Museo Municipal&nbsp;<\/strong>el <strong>Director de Cultura Francisco D\u00edaz de Acevedo<\/strong> recibi\u00f3 a la <strong>responsable del Ente Cultural Santafesino Claudia Giaccone <\/strong>y al <strong>secretario de cultura de Mar\u00eda Susana Leonardo Carrozza<\/strong> para presentar dicha propuesta, la cual refleja la idiosincrasia y la historia de nuestra comunidades santafesinas y cordobesas.<\/p>\n\n\n\n<p><em>\u00abEstos colores, formas y dise\u00f1os representan a nuestros pueblos y ciudades\u00bb. \u00abAbanderados contin\u00faa uniendo y alimentando a nuestro esp\u00edritu federal, borrando fronteras y tendiendo puentes entre santafesinos y cordobeses\u00bb<\/em>, remarc\u00f3&nbsp;<strong>Claudia Giaccone<\/strong><\/p>\n\n\n\n<p><em>\u201cEsta propuesta girar\u00e1 en cada una de las comunidades que sumen su bandera y permitir\u00e1 ampliar nuestra agenda cultural en cada rinc\u00f3n santafesino y cordob\u00e9s\u201d&nbsp;<\/em>sostuvo&nbsp;<strong>Claudia Giaccone<\/strong>. Adem\u00e1s agradeci\u00f3 y felicit\u00f3 al municipio de El Tr\u00e9bol por sumar su bandera y desarrollar una plaza tem\u00e1tica con los colores que forman su ense\u00f1a representativa.<\/p>\n\n\n\n<p><strong>Carrozza <\/strong>anunci\u00f3 que la pr\u00f3xima estaci\u00f3n ser\u00e1 el <strong>Monumento a la Bandera<\/strong> el pr\u00f3ximo <strong>14 de febrero<\/strong>, extendi\u00e9ndose hasta el 27 del corriente mes. <\/p>\n\n\n\n<h2 class=\"wp-block-heading\"><strong>M\u00e1s de 40 banderas<\/strong><\/h2>\n\n\n\n<p><em>\u00abNuestras banderas representan identidad, pertenencia, libertad y diversidad\u201d coincidieron los exponentes, mientras que \u201cAbanderados nos permitir\u00e1 descubrir banderas de localidades de nuestro norte, centro y sur santafesino, como as\u00ed tambi\u00e9n las del sudeste cordob\u00e9s, contando con una gu\u00eda hist\u00f3rica y la posibilidad de seguir generando y creando nuevas banderas en pueblos y ciudades que a\u00fan no las tengan\u201d<\/em><\/p>\n\n\n\n<p><strong>Las localidades que forman parte de \u00abAbanderados\u00bb son:&nbsp;<\/strong>Suardi, San Guillermo, Villa Trinidad, Arruf\u00f3, Monigotes, Hersilia, Ambrosetti, Ceres, Colonia Ana, Colonia Rosa, San Crist\u00f3bal\u2013 departamento San Crist\u00f3bal-, Ramona, Esperanza, Lehmann \u2013 Castellanos-, Felicia \u2013Las Colonias-, Las Parejas \u2013Belgrano-, Mar\u00eda Susana \u2013San Mart\u00edn-, Totoras, Clason, Pueblo Andino \u2013 Iriondo-, P\u00e9rez, Coronel Dom\u00ednguez, Acebal, Arroyo Seco \u2013Rosario-, Arequito, Berabev\u00fa, Los Molinos, Godeken, \u2013 Caseros-, Santa Isabel, Carmen, Mar\u00eda Teresa, Providencia- Las Colonias-, Coronda \u2013San Jer\u00f3nimo-, Villa Ocampo, Florencia, Guadalupe Norte, Las Toscas \u2013 General Obligado, Marcos Ju\u00e1rez, Cruz Alta e Inriville de C\u00f3rdoba.<\/p>\n","protected":false},"excerpt":{"rendered":"<p>El programa perteneciente al\u00a0Ente Cultural Santafesino\u00a0contin\u00faa con su recorrido por el territorio santafesino. Banderas de 12 departamentos [&hellip;]<\/p>\n","protected":false},"author":3,"featured_media":24185,"comment_status":"closed","ping_status":"closed","sticky":false,"template":"","format":"standard","meta":{"_jetpack_memberships_contains_paid_content":false,"footnotes":"","jetpack_publicize_message":"","jetpack_publicize_feature_enabled":true,"jetpack_social_post_already_shared":true,"jetpack_social_options":{"image_generator_settings":{"template":"highway","enabled":false}}},"categories":[18],"tags":[],"jetpack_publicize_connections":[],"jetpack_sharing_enabled":true,"jetpack_featured_media_url":"https:\/\/enteculturalsantafesino.com.ar\/usina1\/wp-content\/uploads\/2025\/01\/WhatsApp-Image-2025-01-27-at-09.33.50-scaled.jpeg","_links":{"self":[{"href":"https:\/\/enteculturalsantafesino.com.ar\/usina1\/wp-json\/wp\/v2\/posts\/24184"}],"collection":[{"href":"https:\/\/enteculturalsantafesino.com.ar\/usina1\/wp-json\/wp\/v2\/posts"}],"about":[{"href":"https:\/\/enteculturalsantafesino.com.ar\/usina1\/wp-json\/wp\/v2\/types\/post"}],"author":[{"embeddable":true,"href":"https:\/\/enteculturalsantafesino.com.ar\/usina1\/wp-json\/wp\/v2\/users\/3"}],"replies":[{"embeddable":true,"href":"https:\/\/enteculturalsantafesino.com.ar\/usina1\/wp-json\/wp\/v2\/comments?post=24184"}],"version-history":[{"count":2,"href":"https:\/\/enteculturalsantafesino.com.ar\/usina1\/wp-json\/wp\/v2\/posts\/24184\/revisions"}],"predecessor-version":[{"id":24187,"href":"https:\/\/enteculturalsantafesino.com.ar\/usina1\/wp-json\/wp\/v2\/posts\/24184\/revisions\/24187"}],"wp:featuredmedia":[{"embeddable":true,"href":"https:\/\/enteculturalsantafesino.com.ar\/usina1\/wp-json\/wp\/v2\/media\/24185"}],"wp:attachment":[{"href":"https:\/\/enteculturalsantafesino.com.ar\/usina1\/wp-json\/wp\/v2\/media?parent=24184"}],"wp:term":[{"taxonomy":"category","embeddable":true,"href":"https:\/\/enteculturalsantafesino.com.ar\/usina1\/wp-json\/wp\/v2\/categories?post=24184"},{"taxonomy":"post_tag","embeddable":true,"href":"https:\/\/enteculturalsantafesino.com.ar\/usina1\/wp-json\/wp\/v2\/tags?post=24184"}],"curies":[{"name":"wp","href":"https:\/\/api.w.org\/{rel}","templated":true}]}}