{"id":24223,"date":"2025-06-24T14:16:50","date_gmt":"2025-06-24T14:16:50","guid":{"rendered":"https:\/\/enteculturalsantafesino.com.ar\/usina1\/?p=24223"},"modified":"2025-06-24T14:16:52","modified_gmt":"2025-06-24T14:16:52","slug":"confraternidad-sera-el-tema-para-clave-de-cuento-y-de-pueblo-en-pueblo-2025","status":"publish","type":"post","link":"https:\/\/enteculturalsantafesino.com.ar\/usina1\/2025\/06\/confraternidad-sera-el-tema-para-clave-de-cuento-y-de-pueblo-en-pueblo-2025\/","title":{"rendered":"\u00abConfraternidad\u00bb ser\u00e1 el tema para \u00abClave de Cuento\u00bb y \u00abDe Pueblo en Pueblo 2025\u00bb"},"content":{"rendered":"\n<p>El&nbsp;<strong>Ente Cultural Santafesino<\/strong>&nbsp;invita a participar de los programas literarios&nbsp;<strong>\u201cClave de Cuento\u201d<\/strong>&nbsp;y&nbsp;<strong>\u201cDe Pueblo en Pueblo\u201d<\/strong>, organizados por dicho espacio cultural y auspiciados por la&nbsp;<strong>Lic. Claudia Giaccone<\/strong>.<\/p>\n\n\n\n<p>Las bases y condiciones de ambos cert\u00e1menes se encuentran disponibles en el sitio web&nbsp;<strong>www.enteculturalsantafesino.com.ar.<\/strong><\/p>\n\n\n\n<p><strong>Informaci\u00f3n general<\/strong><\/p>\n\n\n\n<p>El programa\u00a0<strong>\u201cClave de cuento\u00bb-\u00abEllos tambi\u00e9n escriben\u201d<\/strong>\u00a0en su d\u00e9cima primera edici\u00f3n, se encuentra destinado a los alumnos que cursan 6\u00ba y 7\u00ba grado; mientras que el programa\u00a0<strong>\u201cDe Pueblo en Pueblo\u201d,\u00a0<\/strong>en su  novena edici\u00f3n<strong>\u00a0<\/strong>est\u00e1 dirigido a personas mayores de 13 a\u00f1os.<\/p>\n\n\n\n<p><strong>\u00abClave de Cuento 2025\u00bb<\/strong><\/p>\n\n\n\n<p>La producci\u00f3n deber\u00e1 ser original, creada por el participante e in\u00e9dita. Estar\u00e1 inspirada en \u201cLA CONFRATERNIDAD\u00bb y el g\u00e9nero literario elegido es el\u00a0<strong>Cuento.<\/strong><\/p>\n\n\n\n<p><strong>\u00abDe Pueblo en Pueblo 2025\u00bb<\/strong><\/p>\n\n\n\n<p>La producci\u00f3n deber\u00e1 ser original, creada por el participante e in\u00e9dita. Estar\u00e1 inspirada en \u201cLA CONFRATERNIDAD\u201c y el g\u00e9nero elegido ser\u00e1 libre.<\/p>\n\n\n\n<p>\u00ab<strong>En ambos casos, las obras podr\u00e1n ser presentadas hasta el 28 de agosto, sin excepci\u00f3n, a los referentes locales de su comunidad ( secretarios, directores o representantes culturales locales).<\/strong>\u00abLa<\/p>\n\n\n\n<p>La convocatoria premiar\u00e1 a los trabajos ganadores con la publicaci\u00f3n impresa de la producci\u00f3n literaria y con el obsequio de ejemplares tanto a los escritores como a los municipios y comunas que representan.<\/p>\n\n\n\n<p>Cabe aclarar que, es condici\u00f3n para ambos cert\u00e1menes tener residencia en las localidades que componen las VII Usinas que integran el Ente Cultural Santafesino.<\/p>\n","protected":false},"excerpt":{"rendered":"<p>El&nbsp;Ente Cultural Santafesino&nbsp;invita a participar de los programas literarios&nbsp;\u201cClave de Cuento\u201d&nbsp;y&nbsp;\u201cDe Pueblo en Pueblo\u201d, organizados por dicho [&hellip;]<\/p>\n","protected":false},"author":3,"featured_media":24226,"comment_status":"closed","ping_status":"closed","sticky":false,"template":"","format":"standard","meta":{"_jetpack_memberships_contains_paid_content":false,"footnotes":"","jetpack_publicize_message":"","jetpack_publicize_feature_enabled":true,"jetpack_social_post_already_shared":true,"jetpack_social_options":{"image_generator_settings":{"template":"highway","enabled":false}}},"categories":[1,38],"tags":[],"jetpack_publicize_connections":[],"jetpack_sharing_enabled":true,"jetpack_featured_media_url":"https:\/\/enteculturalsantafesino.com.ar\/usina1\/wp-content\/uploads\/2025\/06\/5f4fd96e-49c5-4cb8-98d0-52786285efe7-scaled.jpg","_links":{"self":[{"href":"https:\/\/enteculturalsantafesino.com.ar\/usina1\/wp-json\/wp\/v2\/posts\/24223"}],"collection":[{"href":"https:\/\/enteculturalsantafesino.com.ar\/usina1\/wp-json\/wp\/v2\/posts"}],"about":[{"href":"https:\/\/enteculturalsantafesino.com.ar\/usina1\/wp-json\/wp\/v2\/types\/post"}],"author":[{"embeddable":true,"href":"https:\/\/enteculturalsantafesino.com.ar\/usina1\/wp-json\/wp\/v2\/users\/3"}],"replies":[{"embeddable":true,"href":"https:\/\/enteculturalsantafesino.com.ar\/usina1\/wp-json\/wp\/v2\/comments?post=24223"}],"version-history":[{"count":3,"href":"https:\/\/enteculturalsantafesino.com.ar\/usina1\/wp-json\/wp\/v2\/posts\/24223\/revisions"}],"predecessor-version":[{"id":24227,"href":"https:\/\/enteculturalsantafesino.com.ar\/usina1\/wp-json\/wp\/v2\/posts\/24223\/revisions\/24227"}],"wp:featuredmedia":[{"embeddable":true,"href":"https:\/\/enteculturalsantafesino.com.ar\/usina1\/wp-json\/wp\/v2\/media\/24226"}],"wp:attachment":[{"href":"https:\/\/enteculturalsantafesino.com.ar\/usina1\/wp-json\/wp\/v2\/media?parent=24223"}],"wp:term":[{"taxonomy":"category","embeddable":true,"href":"https:\/\/enteculturalsantafesino.com.ar\/usina1\/wp-json\/wp\/v2\/categories?post=24223"},{"taxonomy":"post_tag","embeddable":true,"href":"https:\/\/enteculturalsantafesino.com.ar\/usina1\/wp-json\/wp\/v2\/tags?post=24223"}],"curies":[{"name":"wp","href":"https:\/\/api.w.org\/{rel}","templated":true}]}}