{"id":13907,"date":"2014-08-26T14:43:07","date_gmt":"2014-08-26T14:43:07","guid":{"rendered":"http:\/\/entecultura.com.ar\/usina2\/?p=13907"},"modified":"2014-08-26T14:43:07","modified_gmt":"2014-08-26T14:43:07","slug":"culmino-el-ciclo-de-teatro-una-obra-por-mes","status":"publish","type":"post","link":"https:\/\/enteculturalsantafesino.com.ar\/usina2\/2014\/08\/culmino-el-ciclo-de-teatro-una-obra-por-mes\/","title":{"rendered":"Culmino el ciclo de teatro \u201cUna obra por mes\u201d"},"content":{"rendered":"<p>El cierre lo hizo el grupo de teatro Tiempo de Moises Ville.<img loading=\"lazy\" decoding=\"async\" class=\"alignright  wp-image-13908\" src=\"http:\/\/enteculturalsantafesino.com.ar\/usina2\/wp-content\/uploads\/2014\/08\/Grupo-tiempo-300x225.jpg\" alt=\"Grupo-tiempo-300x225\" width=\"256\" height=\"192\" \/><\/p>\n<p>La sala del Tiro Federal estaba casi repleta de personas de<\/p>\n<p>Humboldt y tambi\u00e9n de Moises Ville.<\/p>\n<p>Cuca Mular, secretaria de cultura de Moises Ville<\/p>\n<p>acompa\u00f1o al grupo de teatro.<\/p>\n<p>\u201cTienen una basta experiencia en cosechar aplausos\u201d<\/p>\n<p>dijo Cuca con respecto a su grupo patrocinado.<\/p>\n<p>La obra cuenta la historia mitol\u00f3gica griega de Edipo y su incestuosa historia de amor con su madre, la reina Yocasta luego de matar a su padre pero con la particularidad de hacerlo en rimas y adaptada al lenguaje contemporaneo.<\/p>\n<p>Nora Cecotti quien encarna a la reina Yocasta expreso \u201cque la gente se divierta es un desafi\u00f3 del autor que es muy loco. As\u00ed como nos llego a nosotros al publico le tiene que llegar. creo que lo logramos porque donde vamos la gente sale contenta. Hay una energ\u00eda que se cruza y agradecemos a toda la comunidad de Humboldt. Nos sentimos cobijados y el lugar es m\u00e1gico. Estoy muy feliz\u201d sentencio la actriz.<\/p>\n<p>Mular ademas cont\u00f3 que el 12 de octubre pr\u00f3ximo Moises Ville cumple 125 a\u00f1os y celebra tambi\u00e9n la d\u00e9cima edici\u00f3n de la Fiesta de Moises Ville Cuna de la Integraci\u00f3n Cultural y aprovecho el dialogo con Eco 107.5 para invitar a la comunidad humbolence en general.<\/p>\n","protected":false},"excerpt":{"rendered":"<p>El cierre lo hizo el grupo de teatro Tiempo de Moises Ville. La sala del Tiro Federal [&hellip;]<\/p>\n","protected":false},"author":3,"featured_media":13908,"comment_status":"closed","ping_status":"closed","sticky":false,"template":"","format":"standard","meta":{"_jetpack_memberships_contains_paid_content":false,"footnotes":"","jetpack_publicize_message":"","jetpack_publicize_feature_enabled":true,"jetpack_social_post_already_shared":true,"jetpack_social_options":{"image_generator_settings":{"template":"highway","enabled":false}}},"categories":[34],"tags":[],"jetpack_publicize_connections":[],"jetpack_featured_media_url":"https:\/\/enteculturalsantafesino.com.ar\/usina2\/wp-content\/uploads\/2014\/08\/Grupo-tiempo-300x225.jpg","jetpack_sharing_enabled":true,"_links":{"self":[{"href":"https:\/\/enteculturalsantafesino.com.ar\/usina2\/wp-json\/wp\/v2\/posts\/13907"}],"collection":[{"href":"https:\/\/enteculturalsantafesino.com.ar\/usina2\/wp-json\/wp\/v2\/posts"}],"about":[{"href":"https:\/\/enteculturalsantafesino.com.ar\/usina2\/wp-json\/wp\/v2\/types\/post"}],"author":[{"embeddable":true,"href":"https:\/\/enteculturalsantafesino.com.ar\/usina2\/wp-json\/wp\/v2\/users\/3"}],"replies":[{"embeddable":true,"href":"https:\/\/enteculturalsantafesino.com.ar\/usina2\/wp-json\/wp\/v2\/comments?post=13907"}],"version-history":[{"count":0,"href":"https:\/\/enteculturalsantafesino.com.ar\/usina2\/wp-json\/wp\/v2\/posts\/13907\/revisions"}],"wp:featuredmedia":[{"embeddable":true,"href":"https:\/\/enteculturalsantafesino.com.ar\/usina2\/wp-json\/wp\/v2\/media\/13908"}],"wp:attachment":[{"href":"https:\/\/enteculturalsantafesino.com.ar\/usina2\/wp-json\/wp\/v2\/media?parent=13907"}],"wp:term":[{"taxonomy":"category","embeddable":true,"href":"https:\/\/enteculturalsantafesino.com.ar\/usina2\/wp-json\/wp\/v2\/categories?post=13907"},{"taxonomy":"post_tag","embeddable":true,"href":"https:\/\/enteculturalsantafesino.com.ar\/usina2\/wp-json\/wp\/v2\/tags?post=13907"}],"curies":[{"name":"wp","href":"https:\/\/api.w.org\/{rel}","templated":true}]}}