{"id":14523,"date":"2014-12-11T12:18:45","date_gmt":"2014-12-11T12:18:45","guid":{"rendered":"http:\/\/entecultura.com.ar\/usina2\/?p=14523"},"modified":"2014-12-11T12:18:45","modified_gmt":"2014-12-11T12:18:45","slug":"esperanza-adultos-mayores-en-la-plaza-san-martin","status":"publish","type":"post","link":"https:\/\/enteculturalsantafesino.com.ar\/usina2\/2014\/12\/esperanza-adultos-mayores-en-la-plaza-san-martin\/","title":{"rendered":"Esperanza: Adultos mayores en la plaza San Mart\u00edn"},"content":{"rendered":"<div id=\"yui_3_16_0_1_1418208666007_46419\">La Municipalidad de Esperanza a trav\u00e9s de la<img loading=\"lazy\" decoding=\"async\" class=\"alignright size-medium wp-image-14524\" src=\"http:\/\/enteculturalsantafesino.com.ar\/usina2\/wp-content\/uploads\/2014\/12\/b_800_600_0_00_images_navidad-300x200.jpg\" alt=\"b_800_600_0_00_images_navidad\" width=\"300\" height=\"200\" srcset=\"https:\/\/enteculturalsantafesino.com.ar\/usina2\/wp-content\/uploads\/2014\/12\/b_800_600_0_00_images_navidad-300x200.jpg 300w, https:\/\/enteculturalsantafesino.com.ar\/usina2\/wp-content\/uploads\/2014\/12\/b_800_600_0_00_images_navidad.jpg 800w\" sizes=\"(max-width: 300px) 100vw, 300px\" \/><\/div>\n<div><\/div>\n<div>Secretar\u00eda de Cultura y Deportes \u00a0invita especialmente<\/div>\n<div>a la comunidad \u00a0al evento de cierre anual de actividades<\/div>\n<div>realizadas por Adultos Mayores que integran, el Taller<\/div>\n<div>Municipal \u201cPapeles que Suenan y Resuenan\u201d, los diferentes<\/div>\n<div>grupos de los cursos de Alfabetizaci\u00f3n Digital de \u00a0UPAMI<\/div>\n<div>(Universidad para Adultos Mayores Integrados) y de Progresar<\/div>\n<div>Conectados que toman sus clases en el N\u00facleo de Acceso al<\/div>\n<div>Conocimiento (NAC Esperanza).<\/div>\n<div id=\"yui_3_16_0_1_1418208666007_46419\"><\/div>\n<div id=\"yui_3_16_0_1_1418208666007_46417\">El domingo 21 de diciembre a las 19:30, en la Plaza San Mart\u00edn<\/div>\n<div>se llevar\u00e1 a cabo un encuentro con la tercera edad denominado<\/div>\n<div>\u201cDe la Mano de Nuestros Abuelos, recibiendo la Estrella de Navidad\u201d,<\/div>\n<div>donde se presentar\u00e1n las coreograf\u00edas musicales del Taller Municipal<\/div>\n<div>\u201cPapeles que Suenan y Resuenan\u201d, la actuaci\u00f3n de la Banda de M\u00fasica<\/div>\n<div>Municipal y una Muestra de los trabajos de los cursos de Alfabetizaci\u00f3n Digital.<\/div>\n<div id=\"yui_3_16_0_1_1418208666007_46416\">Siendo el objetivo de este encuentro, brindar un espacio para \u00a0de participaci\u00f3n y protagonismo para que \u00a0nuestros Adultos Mayores muestren y compartan, con la comunidad, todo lo aprendido y vivido en el a\u00f1o a trav\u00e9s de las actividades art\u00edsticas culturales y did\u00e1cticas que desarrollaron.<\/div>\n<div><\/div>\n<div>Fuente: Municipalidad de Esperanza<\/div>\n","protected":false},"excerpt":{"rendered":"<p>La Municipalidad de Esperanza a trav\u00e9s de la Secretar\u00eda de Cultura y Deportes \u00a0invita especialmente a la [&hellip;]<\/p>\n","protected":false},"author":3,"featured_media":14524,"comment_status":"closed","ping_status":"closed","sticky":false,"template":"","format":"standard","meta":{"_jetpack_memberships_contains_paid_content":false,"footnotes":"","jetpack_publicize_message":"","jetpack_publicize_feature_enabled":true,"jetpack_social_post_already_shared":true,"jetpack_social_options":{"image_generator_settings":{"template":"highway","enabled":false}}},"categories":[33],"tags":[],"jetpack_publicize_connections":[],"jetpack_featured_media_url":"https:\/\/enteculturalsantafesino.com.ar\/usina2\/wp-content\/uploads\/2014\/12\/b_800_600_0_00_images_navidad.jpg","jetpack_sharing_enabled":true,"_links":{"self":[{"href":"https:\/\/enteculturalsantafesino.com.ar\/usina2\/wp-json\/wp\/v2\/posts\/14523"}],"collection":[{"href":"https:\/\/enteculturalsantafesino.com.ar\/usina2\/wp-json\/wp\/v2\/posts"}],"about":[{"href":"https:\/\/enteculturalsantafesino.com.ar\/usina2\/wp-json\/wp\/v2\/types\/post"}],"author":[{"embeddable":true,"href":"https:\/\/enteculturalsantafesino.com.ar\/usina2\/wp-json\/wp\/v2\/users\/3"}],"replies":[{"embeddable":true,"href":"https:\/\/enteculturalsantafesino.com.ar\/usina2\/wp-json\/wp\/v2\/comments?post=14523"}],"version-history":[{"count":0,"href":"https:\/\/enteculturalsantafesino.com.ar\/usina2\/wp-json\/wp\/v2\/posts\/14523\/revisions"}],"wp:featuredmedia":[{"embeddable":true,"href":"https:\/\/enteculturalsantafesino.com.ar\/usina2\/wp-json\/wp\/v2\/media\/14524"}],"wp:attachment":[{"href":"https:\/\/enteculturalsantafesino.com.ar\/usina2\/wp-json\/wp\/v2\/media?parent=14523"}],"wp:term":[{"taxonomy":"category","embeddable":true,"href":"https:\/\/enteculturalsantafesino.com.ar\/usina2\/wp-json\/wp\/v2\/categories?post=14523"},{"taxonomy":"post_tag","embeddable":true,"href":"https:\/\/enteculturalsantafesino.com.ar\/usina2\/wp-json\/wp\/v2\/tags?post=14523"}],"curies":[{"name":"wp","href":"https:\/\/api.w.org\/{rel}","templated":true}]}}