{"id":14527,"date":"2014-12-11T12:26:08","date_gmt":"2014-12-11T12:26:08","guid":{"rendered":"http:\/\/entecultura.com.ar\/usina2\/?p=14527"},"modified":"2014-12-11T12:26:08","modified_gmt":"2014-12-11T12:26:08","slug":"sastre-fiesta-de-fin-de-ano-2014-rayuela","status":"publish","type":"post","link":"https:\/\/enteculturalsantafesino.com.ar\/usina2\/2014\/12\/sastre-fiesta-de-fin-de-ano-2014-rayuela\/","title":{"rendered":"Sastre: Fiesta de fin de a\u00f1o 2014 \u00abRayuela\u00bb"},"content":{"rendered":"<p>Fiesta de fin de a\u00f1o del Liceo Municipal, presentando<img loading=\"lazy\" decoding=\"async\" class=\"alignright size-medium wp-image-14530\" src=\"http:\/\/enteculturalsantafesino.com.ar\/usina2\/wp-content\/uploads\/2014\/12\/10846441_913715025305215_9147252660588126551_n-300x198.jpg\" alt=\"10846441_913715025305215_9147252660588126551_n\" width=\"300\" height=\"198\" srcset=\"https:\/\/enteculturalsantafesino.com.ar\/usina2\/wp-content\/uploads\/2014\/12\/10846441_913715025305215_9147252660588126551_n-300x198.jpg 300w, https:\/\/enteculturalsantafesino.com.ar\/usina2\/wp-content\/uploads\/2014\/12\/10846441_913715025305215_9147252660588126551_n.jpg 960w\" sizes=\"(max-width: 300px) 100vw, 300px\" \/><\/p>\n<p>\u00abRayuela\u00bb \u00bfJugamos en Latinoam\u00e9rica? con la participaci\u00f3n<\/p>\n<p>en conjunto de las disciplinas: Danzas Folcl\u00f3ricas, Banda<\/p>\n<p>y Bastoneras, Taller de Canto, Taller de M\u00fasica Andina,<\/p>\n<p>Taller de Percusi\u00f3n, Danzas Cl\u00e1sicas y Ritmos. Tambi\u00e9n<\/p>\n<p>se realizaron clases abiertas de Karate, Coro, Taller de<\/p>\n<p>Teatro y exposici\u00f3n de obras del Taller de Arte en la sala<\/p>\n<p>\u00abOlindo Strada\u00bb del liceo. Durante la semana previa al evento,<\/p>\n<p>se realiz\u00f3 un mural basado en un dise\u00f1o original de Guillermina<\/p>\n<p><a href=\"http:\/\/enteculturalsantafesino.com.ar\/usina2\/wp-content\/uploads\/2014\/12\/10846438_913714945305223_117889068247082653_n.jpg\" rel=\"lightbox[14527]\"><img loading=\"lazy\" decoding=\"async\" class=\"alignright size-medium wp-image-14529\" src=\"http:\/\/enteculturalsantafesino.com.ar\/usina2\/wp-content\/uploads\/2014\/12\/10846438_913714945305223_117889068247082653_n-198x300.jpg\" alt=\"10846438_913714945305223_117889068247082653_n\" width=\"198\" height=\"300\" srcset=\"https:\/\/enteculturalsantafesino.com.ar\/usina2\/wp-content\/uploads\/2014\/12\/10846438_913714945305223_117889068247082653_n-198x300.jpg 198w, https:\/\/enteculturalsantafesino.com.ar\/usina2\/wp-content\/uploads\/2014\/12\/10846438_913714945305223_117889068247082653_n.jpg 636w\" sizes=\"(max-width: 198px) 100vw, 198px\" \/><\/a>Milocco y llevado a cabo por Ariel Falccini y amigos. El cierre estuvo a cargo del Ballet Nehu\u00e9n presentando su espect\u00e1culo \u00abRevoluci\u00f3n\u00bb.<br \/>\nLa comunidad educativa y el grupo de trabajo del \u00e1rea de cultura de la municipalidad agradece la colaboraci\u00f3n de padres y madres en la atenci\u00f3n del buffet, y a la poblaci\u00f3n por el apoyo brindado. Hasta el a\u00f1o que viene!<\/p>\n<p>\u201cLa rayuela se juega con una piedrita que hay que empujar con la punta del zapato. Ingredientes: una acera, una piedrita, un zapato, y un bello dibujo con tiza, preferentemente de colores. En lo alto est\u00e1 el Cielo, abajo est\u00e1 la Tierra, es muy dif\u00edcil llegar con la piedrita al Cielo, casi siempre se calcula mal y la piedra sale del dibujo. Poco a poco, sin embargo, se va adquiriendo la habilidad necesaria para salvar las diferentes casillas (rayuela caracol, rayuela rectangular, rayuela de fantas\u00eda, poco usada) y un d\u00eda se aprende a salir de la Tierra y remontar la piedrita hasta el Cielo, hasta entrar en el Cielo,lo malo es que justamente a esa altura, cuando casi nadie ha aprendido a remontar la piedrita hasta el Cielo, se acaba de golpe la infancia y se cae en las novelas, en la angustia al divino cohete, en la especulaci\u00f3n de otro Cielo al que tambi\u00e9n hay que aprender a llegar. Y porque se ha salido de la infancia se olvida<br \/>\nque para llegar al Cielo se necesitan, como ingredientes, una piedrita y la punta de un zapato\u00bb.<\/p>\n","protected":false},"excerpt":{"rendered":"<p>Fiesta de fin de a\u00f1o del Liceo Municipal, presentando \u00abRayuela\u00bb \u00bfJugamos en Latinoam\u00e9rica? con la participaci\u00f3n en [&hellip;]<\/p>\n","protected":false},"author":3,"featured_media":14528,"comment_status":"closed","ping_status":"closed","sticky":false,"template":"","format":"standard","meta":{"_jetpack_memberships_contains_paid_content":false,"footnotes":"","jetpack_publicize_message":"","jetpack_publicize_feature_enabled":true,"jetpack_social_post_already_shared":true,"jetpack_social_options":{"image_generator_settings":{"template":"highway","enabled":false}}},"categories":[18],"tags":[],"jetpack_publicize_connections":[],"jetpack_featured_media_url":"https:\/\/enteculturalsantafesino.com.ar\/usina2\/wp-content\/uploads\/2014\/12\/1623629_913714715305246_5380684305823082668_n.jpg","jetpack_sharing_enabled":true,"_links":{"self":[{"href":"https:\/\/enteculturalsantafesino.com.ar\/usina2\/wp-json\/wp\/v2\/posts\/14527"}],"collection":[{"href":"https:\/\/enteculturalsantafesino.com.ar\/usina2\/wp-json\/wp\/v2\/posts"}],"about":[{"href":"https:\/\/enteculturalsantafesino.com.ar\/usina2\/wp-json\/wp\/v2\/types\/post"}],"author":[{"embeddable":true,"href":"https:\/\/enteculturalsantafesino.com.ar\/usina2\/wp-json\/wp\/v2\/users\/3"}],"replies":[{"embeddable":true,"href":"https:\/\/enteculturalsantafesino.com.ar\/usina2\/wp-json\/wp\/v2\/comments?post=14527"}],"version-history":[{"count":0,"href":"https:\/\/enteculturalsantafesino.com.ar\/usina2\/wp-json\/wp\/v2\/posts\/14527\/revisions"}],"wp:featuredmedia":[{"embeddable":true,"href":"https:\/\/enteculturalsantafesino.com.ar\/usina2\/wp-json\/wp\/v2\/media\/14528"}],"wp:attachment":[{"href":"https:\/\/enteculturalsantafesino.com.ar\/usina2\/wp-json\/wp\/v2\/media?parent=14527"}],"wp:term":[{"taxonomy":"category","embeddable":true,"href":"https:\/\/enteculturalsantafesino.com.ar\/usina2\/wp-json\/wp\/v2\/categories?post=14527"},{"taxonomy":"post_tag","embeddable":true,"href":"https:\/\/enteculturalsantafesino.com.ar\/usina2\/wp-json\/wp\/v2\/tags?post=14527"}],"curies":[{"name":"wp","href":"https:\/\/api.w.org\/{rel}","templated":true}]}}