{"id":14651,"date":"2015-01-02T23:01:02","date_gmt":"2015-01-02T23:01:02","guid":{"rendered":"http:\/\/entecultura.com.ar\/usina2\/?p=14651"},"modified":"2015-01-02T23:01:02","modified_gmt":"2015-01-02T23:01:02","slug":"humboldt-celebro-la-navidad-con-diversas-actividades","status":"publish","type":"post","link":"https:\/\/enteculturalsantafesino.com.ar\/usina2\/2015\/01\/humboldt-celebro-la-navidad-con-diversas-actividades\/","title":{"rendered":"Humboldt celebr\u00f3 la navidad con diversas actividades"},"content":{"rendered":"<p>Martes 23 de diciembre la noche buena y la Navidad<a href=\"http:\/\/enteculturalsantafesino.com.ar\/usina2\/wp-content\/uploads\/2015\/01\/10433196_898060563559656_310801295779027177_n.jpg\" rel=\"lightbox[14651]\"><img loading=\"lazy\" decoding=\"async\" class=\"alignright size-medium wp-image-14652\" src=\"http:\/\/enteculturalsantafesino.com.ar\/usina2\/wp-content\/uploads\/2015\/01\/10433196_898060563559656_310801295779027177_n-225x300.jpg\" alt=\"10433196_898060563559656_310801295779027177_n\" width=\"225\" height=\"300\" srcset=\"https:\/\/enteculturalsantafesino.com.ar\/usina2\/wp-content\/uploads\/2015\/01\/10433196_898060563559656_310801295779027177_n-225x300.jpg 225w, https:\/\/enteculturalsantafesino.com.ar\/usina2\/wp-content\/uploads\/2015\/01\/10433196_898060563559656_310801295779027177_n.jpg 720w\" sizes=\"(max-width: 225px) 100vw, 225px\" \/><\/a><\/p>\n<p>empezaron a sobre volar el centro geogr\u00e1fico de nuestro pueblo en dos actividades que marcan estas fechas por sobre manera. Por un lado a trav\u00e9s de la Comuna y por otro desde la Parroquia local.<\/p>\n<p>Frente al establecimiento de gesti\u00f3n gubernamental una experiencia que animo a chicos y grandes tuvo su lugar, es que all\u00ed, junto a un arbolito decorado para la ocasi\u00f3n, Pap\u00e1 Noel recibi\u00f3 las cartitas de aquellos que se acercaron hasta all\u00ed con el deseo de los presentes para estas fiestas.<\/p>\n<p>La velada, adem\u00e1s, estuvo acompa\u00f1ada por la presencia del Coro Comunal que deleito con sus interpretaciones a los que formaron parte de este momento tan especial y que marco la posibilidad de revivir el tradicional contacto con el m\u00edtico personaje de traje rojo.<\/p>\n<p>Por otra parte, frente a la comuna, en las instalaciones de la Parroquia Inmaculada Concepci\u00f3n se desarroll\u00f3 el ultimo pesebre viviente del a\u00f1o en Humboldt, en donde un grupo de peque\u00f1os recrearon el nacimiento del ni\u00f1o Jes\u00fas.<\/p>\n<p>Esta muestra de compromiso con la Fe, mostro un a\u00f1o m\u00e1s, para cat\u00f3licos y evang\u00e9licos, la posibilid<img loading=\"lazy\" decoding=\"async\" class=\"alignright size-medium wp-image-14654\" src=\"http:\/\/enteculturalsantafesino.com.ar\/usina2\/wp-content\/uploads\/2015\/01\/10885022_898060890226290_838821497928356559_n-225x300.jpg\" alt=\"10885022_898060890226290_838821497928356559_n\" width=\"225\" height=\"300\" srcset=\"https:\/\/enteculturalsantafesino.com.ar\/usina2\/wp-content\/uploads\/2015\/01\/10885022_898060890226290_838821497928356559_n-225x300.jpg 225w, https:\/\/enteculturalsantafesino.com.ar\/usina2\/wp-content\/uploads\/2015\/01\/10885022_898060890226290_838821497928356559_n.jpg 720w\" sizes=\"(max-width: 225px) 100vw, 225px\" \/>ad de rendir culto en virtud de estas festividades que nos atraviesan y que tanto significan para el aservo espiritual<br \/>\nLos pesebres iniciaron el pasado 12 de diciembre y a partir de all\u00ed en distintos d\u00edas se fueron desarrollando en diferentes partes del pueblo hasta culminar, primero en el Templo Evang\u00e9lico el lunes 22 y, luego, en la Parroquia en martes 23.<\/p>\n<p>Poe \u00faltimo, como otra actividad que se enmarca en las celebraciones de la Navidad, los Bomberos Voluntarios estar\u00e1n, desde las 18:30 Hs recorriendo gran parte del pueblo entregando, junto a Pap\u00e1 Noel, golosinas a todos aquellos ni\u00f1os que se acerquen durante el recorrido.<br \/>\nPara esta iniciativa se ha recibido el aporte de empresas que acompa\u00f1an esta intenci\u00f3n de Bomberos por formar parte de la liturgia con la que cuenta la localidad en esta \u00e9poca y que tanto aporta para que todos puedan, de una u otra manera, disfrutar de estas Fiestas.<\/p>\n<p>Fuente: FM Radar 105.3<\/p>\n","protected":false},"excerpt":{"rendered":"<p>Martes 23 de diciembre la noche buena y la Navidad empezaron a sobre volar el centro geogr\u00e1fico [&hellip;]<\/p>\n","protected":false},"author":3,"featured_media":14652,"comment_status":"closed","ping_status":"closed","sticky":false,"template":"","format":"standard","meta":{"_jetpack_memberships_contains_paid_content":false,"footnotes":"","jetpack_publicize_message":"","jetpack_publicize_feature_enabled":true,"jetpack_social_post_already_shared":true,"jetpack_social_options":{"image_generator_settings":{"template":"highway","enabled":false}}},"categories":[34],"tags":[],"jetpack_publicize_connections":[],"jetpack_featured_media_url":"https:\/\/enteculturalsantafesino.com.ar\/usina2\/wp-content\/uploads\/2015\/01\/10433196_898060563559656_310801295779027177_n.jpg","jetpack_sharing_enabled":true,"_links":{"self":[{"href":"https:\/\/enteculturalsantafesino.com.ar\/usina2\/wp-json\/wp\/v2\/posts\/14651"}],"collection":[{"href":"https:\/\/enteculturalsantafesino.com.ar\/usina2\/wp-json\/wp\/v2\/posts"}],"about":[{"href":"https:\/\/enteculturalsantafesino.com.ar\/usina2\/wp-json\/wp\/v2\/types\/post"}],"author":[{"embeddable":true,"href":"https:\/\/enteculturalsantafesino.com.ar\/usina2\/wp-json\/wp\/v2\/users\/3"}],"replies":[{"embeddable":true,"href":"https:\/\/enteculturalsantafesino.com.ar\/usina2\/wp-json\/wp\/v2\/comments?post=14651"}],"version-history":[{"count":0,"href":"https:\/\/enteculturalsantafesino.com.ar\/usina2\/wp-json\/wp\/v2\/posts\/14651\/revisions"}],"wp:featuredmedia":[{"embeddable":true,"href":"https:\/\/enteculturalsantafesino.com.ar\/usina2\/wp-json\/wp\/v2\/media\/14652"}],"wp:attachment":[{"href":"https:\/\/enteculturalsantafesino.com.ar\/usina2\/wp-json\/wp\/v2\/media?parent=14651"}],"wp:term":[{"taxonomy":"category","embeddable":true,"href":"https:\/\/enteculturalsantafesino.com.ar\/usina2\/wp-json\/wp\/v2\/categories?post=14651"},{"taxonomy":"post_tag","embeddable":true,"href":"https:\/\/enteculturalsantafesino.com.ar\/usina2\/wp-json\/wp\/v2\/tags?post=14651"}],"curies":[{"name":"wp","href":"https:\/\/api.w.org\/{rel}","templated":true}]}}