{"id":14657,"date":"2015-01-03T13:45:19","date_gmt":"2015-01-03T13:45:19","guid":{"rendered":"http:\/\/entecultura.com.ar\/usina2\/?p=14657"},"modified":"2015-01-03T13:50:52","modified_gmt":"2015-01-03T13:50:52","slug":"cine-de-verano-en-esperanza","status":"publish","type":"post","link":"https:\/\/enteculturalsantafesino.com.ar\/usina2\/2015\/01\/cine-de-verano-en-esperanza\/","title":{"rendered":"Cine de verano en Esperanza"},"content":{"rendered":"<p>La Municipalidad de Esperanza organiza<a href=\"http:\/\/enteculturalsantafesino.com.ar\/usina2\/wp-content\/uploads\/2015\/01\/b_800_600_0_00_images_parque_de_la_agricultura.jpg\" rel=\"lightbox[14657]\"><img loading=\"lazy\" decoding=\"async\" class=\"alignright size-medium wp-image-14658\" src=\"http:\/\/enteculturalsantafesino.com.ar\/usina2\/wp-content\/uploads\/2015\/01\/b_800_600_0_00_images_parque_de_la_agricultura-300x200.jpg\" alt=\"b_800_600_0_00_images_parque_de_la_agricultura\" width=\"300\" height=\"200\" srcset=\"https:\/\/enteculturalsantafesino.com.ar\/usina2\/wp-content\/uploads\/2015\/01\/b_800_600_0_00_images_parque_de_la_agricultura-300x200.jpg 300w, https:\/\/enteculturalsantafesino.com.ar\/usina2\/wp-content\/uploads\/2015\/01\/b_800_600_0_00_images_parque_de_la_agricultura.jpg 800w\" sizes=\"(max-width: 300px) 100vw, 300px\" \/><\/a><\/p>\n<p>un ciclo de cine, en esta edici\u00f3n, con cuatro pel\u00edculas distribuidas entre en el Balneario Camping Municipal y el lago del Parque de la Agricultura.<\/p>\n<p>Comienza el d\u00eda viernes 9 de enero a las 21:00 hs en el Balneario Camping Municipal con la proyecci\u00f3n de: \u00a8EL RAT\u00d3N PEREZ 2\u00a8 la segunda parte de la pel\u00edcula infantil que combina actores con animaci\u00f3n, continua el 16\/1 a las 21 hs en el PARQUE DE LA AGRICULTURA.<\/p>\n<p>El p\u00fablico asistente podr\u00e1 llevar sillones para su mayor comodidad y disfrute de cine al aire libre.<br \/>\nDe acceso libre y gratuito.<br \/>\nEn caso de lluvia o mal tiempo se cancela y contin\u00faa el cronograma vigente. Las pel\u00edculas de cine nacional son destinadas al p\u00fablico familiar para los vecinos de Esperanza y para todos aquellos que visiten la\u00a0ciudad.<\/p>\n<p>Fuente: Municipalidad de Esperanza<\/p>\n","protected":false},"excerpt":{"rendered":"<p>La Municipalidad de Esperanza organiza un ciclo de cine, en esta edici\u00f3n, con cuatro pel\u00edculas distribuidas entre [&hellip;]<\/p>\n","protected":false},"author":3,"featured_media":14658,"comment_status":"closed","ping_status":"closed","sticky":false,"template":"","format":"standard","meta":{"_jetpack_memberships_contains_paid_content":false,"footnotes":"","jetpack_publicize_message":"","jetpack_publicize_feature_enabled":true,"jetpack_social_post_already_shared":true,"jetpack_social_options":{"image_generator_settings":{"template":"highway","enabled":false}}},"categories":[33],"tags":[],"jetpack_publicize_connections":[],"jetpack_featured_media_url":"https:\/\/enteculturalsantafesino.com.ar\/usina2\/wp-content\/uploads\/2015\/01\/b_800_600_0_00_images_parque_de_la_agricultura.jpg","jetpack_sharing_enabled":true,"_links":{"self":[{"href":"https:\/\/enteculturalsantafesino.com.ar\/usina2\/wp-json\/wp\/v2\/posts\/14657"}],"collection":[{"href":"https:\/\/enteculturalsantafesino.com.ar\/usina2\/wp-json\/wp\/v2\/posts"}],"about":[{"href":"https:\/\/enteculturalsantafesino.com.ar\/usina2\/wp-json\/wp\/v2\/types\/post"}],"author":[{"embeddable":true,"href":"https:\/\/enteculturalsantafesino.com.ar\/usina2\/wp-json\/wp\/v2\/users\/3"}],"replies":[{"embeddable":true,"href":"https:\/\/enteculturalsantafesino.com.ar\/usina2\/wp-json\/wp\/v2\/comments?post=14657"}],"version-history":[{"count":0,"href":"https:\/\/enteculturalsantafesino.com.ar\/usina2\/wp-json\/wp\/v2\/posts\/14657\/revisions"}],"wp:featuredmedia":[{"embeddable":true,"href":"https:\/\/enteculturalsantafesino.com.ar\/usina2\/wp-json\/wp\/v2\/media\/14658"}],"wp:attachment":[{"href":"https:\/\/enteculturalsantafesino.com.ar\/usina2\/wp-json\/wp\/v2\/media?parent=14657"}],"wp:term":[{"taxonomy":"category","embeddable":true,"href":"https:\/\/enteculturalsantafesino.com.ar\/usina2\/wp-json\/wp\/v2\/categories?post=14657"},{"taxonomy":"post_tag","embeddable":true,"href":"https:\/\/enteculturalsantafesino.com.ar\/usina2\/wp-json\/wp\/v2\/tags?post=14657"}],"curies":[{"name":"wp","href":"https:\/\/api.w.org\/{rel}","templated":true}]}}