{"id":14664,"date":"2015-01-03T13:56:04","date_gmt":"2015-01-03T13:56:04","guid":{"rendered":"http:\/\/entecultura.com.ar\/usina2\/?p=14664"},"modified":"2015-01-03T13:56:04","modified_gmt":"2015-01-03T13:56:04","slug":"encuentro-de-batucadas-en-moises-ville","status":"publish","type":"post","link":"https:\/\/enteculturalsantafesino.com.ar\/usina2\/2015\/01\/encuentro-de-batucadas-en-moises-ville\/","title":{"rendered":"Encuentro de batucadas en Moises Ville"},"content":{"rendered":"<p>Con el auspicio de la Comuna, Comisi\u00f3n de Cultura<a href=\"http:\/\/enteculturalsantafesino.com.ar\/usina2\/wp-content\/uploads\/2015\/01\/batucadas.jpg\" rel=\"lightbox[14664]\"><img loading=\"lazy\" decoding=\"async\" class=\"alignright size-medium wp-image-14665\" src=\"http:\/\/enteculturalsantafesino.com.ar\/usina2\/wp-content\/uploads\/2015\/01\/batucadas-300x169.jpg\" alt=\"batucadas\" width=\"300\" height=\"169\" srcset=\"https:\/\/enteculturalsantafesino.com.ar\/usina2\/wp-content\/uploads\/2015\/01\/batucadas-300x169.jpg 300w, https:\/\/enteculturalsantafesino.com.ar\/usina2\/wp-content\/uploads\/2015\/01\/batucadas.jpg 960w\" sizes=\"(max-width: 300px) 100vw, 300px\" \/><\/a><\/p>\n<p>y Turismo de Mois\u00e9s Ville, se llev\u00f3 a cabo en la Plaza San Mart\u00edn el Encuentro de Batucadas. Con despliegue de creativos trajes con brillos multicolores, coreograf\u00edas bien representadas, redoblantes con repique de sones carnavalescos y primeras figuras contoneantes, bailando al ritmo incesante de tambores y platillos\u2026<span id=\"more-5035\"><\/span><\/p>\n<p>JAPRIKA, AYMAR\u00c1, SALOM\u00c9 Y ARCO IRIS fueron las responsables de exhibir un bell\u00edsimo espect\u00e1culo, muy festejado por el numeroso p\u00fablico que aplaudi\u00f3 con entusiasmo cada presentaci\u00f3n. Esta hermosa demostraci\u00f3n musical, de ritmo y danza, fue ejemplo del trabajo concretado durante todo el a\u00f1o y una invitaci\u00f3n r\u00edtmica para los carnavales 2015.<\/p>\n<p>Fuente:\u00a0El Preg\u00f3n Digital<\/p>\n","protected":false},"excerpt":{"rendered":"<p>Con el auspicio de la Comuna, Comisi\u00f3n de Cultura y Turismo de Mois\u00e9s Ville, se llev\u00f3 a [&hellip;]<\/p>\n","protected":false},"author":3,"featured_media":14665,"comment_status":"closed","ping_status":"closed","sticky":false,"template":"","format":"standard","meta":{"_jetpack_memberships_contains_paid_content":false,"footnotes":"","jetpack_publicize_message":"","jetpack_publicize_feature_enabled":true,"jetpack_social_post_already_shared":true,"jetpack_social_options":{"image_generator_settings":{"template":"highway","enabled":false}}},"categories":[36],"tags":[],"jetpack_publicize_connections":[],"jetpack_featured_media_url":"https:\/\/enteculturalsantafesino.com.ar\/usina2\/wp-content\/uploads\/2015\/01\/batucadas.jpg","jetpack_sharing_enabled":true,"_links":{"self":[{"href":"https:\/\/enteculturalsantafesino.com.ar\/usina2\/wp-json\/wp\/v2\/posts\/14664"}],"collection":[{"href":"https:\/\/enteculturalsantafesino.com.ar\/usina2\/wp-json\/wp\/v2\/posts"}],"about":[{"href":"https:\/\/enteculturalsantafesino.com.ar\/usina2\/wp-json\/wp\/v2\/types\/post"}],"author":[{"embeddable":true,"href":"https:\/\/enteculturalsantafesino.com.ar\/usina2\/wp-json\/wp\/v2\/users\/3"}],"replies":[{"embeddable":true,"href":"https:\/\/enteculturalsantafesino.com.ar\/usina2\/wp-json\/wp\/v2\/comments?post=14664"}],"version-history":[{"count":0,"href":"https:\/\/enteculturalsantafesino.com.ar\/usina2\/wp-json\/wp\/v2\/posts\/14664\/revisions"}],"wp:featuredmedia":[{"embeddable":true,"href":"https:\/\/enteculturalsantafesino.com.ar\/usina2\/wp-json\/wp\/v2\/media\/14665"}],"wp:attachment":[{"href":"https:\/\/enteculturalsantafesino.com.ar\/usina2\/wp-json\/wp\/v2\/media?parent=14664"}],"wp:term":[{"taxonomy":"category","embeddable":true,"href":"https:\/\/enteculturalsantafesino.com.ar\/usina2\/wp-json\/wp\/v2\/categories?post=14664"},{"taxonomy":"post_tag","embeddable":true,"href":"https:\/\/enteculturalsantafesino.com.ar\/usina2\/wp-json\/wp\/v2\/tags?post=14664"}],"curies":[{"name":"wp","href":"https:\/\/api.w.org\/{rel}","templated":true}]}}