{"id":14667,"date":"2015-01-05T15:32:46","date_gmt":"2015-01-05T15:32:46","guid":{"rendered":"http:\/\/entecultura.com.ar\/usina2\/?p=14667"},"modified":"2015-01-05T17:07:57","modified_gmt":"2015-01-05T17:07:57","slug":"maria-juana-se-viene-el-23-festival-folclorico-de-ano-nuevo","status":"publish","type":"post","link":"https:\/\/enteculturalsantafesino.com.ar\/usina2\/2015\/01\/maria-juana-se-viene-el-23-festival-folclorico-de-ano-nuevo\/","title":{"rendered":"Mar\u00eda Juana:  Se viene el \u00ab23\u00b0 Festival Folcl\u00f3rico de A\u00f1o Nuevo\u00bb"},"content":{"rendered":"<p>Como cada a\u00f1o, organizado por el<strong> Coro comunal de Mar\u00eda Juana<\/strong>,<a href=\"http:\/\/enteculturalsantafesino.com.ar\/usina2\/wp-content\/uploads\/2015\/01\/10906242_664046287037525_44699920563180082_n.jpg\" rel=\"lightbox[14667]\"><img loading=\"lazy\" decoding=\"async\" class=\"alignright size-medium wp-image-14668\" src=\"http:\/\/enteculturalsantafesino.com.ar\/usina2\/wp-content\/uploads\/2015\/01\/10906242_664046287037525_44699920563180082_n-181x300.jpg\" alt=\"10906242_664046287037525_44699920563180082_n\" width=\"181\" height=\"300\" srcset=\"https:\/\/enteculturalsantafesino.com.ar\/usina2\/wp-content\/uploads\/2015\/01\/10906242_664046287037525_44699920563180082_n-181x300.jpg 181w, https:\/\/enteculturalsantafesino.com.ar\/usina2\/wp-content\/uploads\/2015\/01\/10906242_664046287037525_44699920563180082_n.jpg 238w\" sizes=\"(max-width: 181px) 100vw, 181px\" \/><\/a><\/p>\n<p>en el anfiteatro de la plaza San Mart\u00edn se desarrollar\u00e1 la \u00ab<strong>23\u00ba Edici\u00f3n del Festival Folcl\u00f3rico de A\u00f1o Nuevo\u00bb<\/strong>,\u00a0con Entrada libre y Gratuita y servicio de buffet, el pr\u00f3ximo <strong>\u00a0S\u00e1bado 10 de Enero<\/strong> a partir de las <strong>21 hs<\/strong> se contar\u00e1 con una excelente programaci\u00f3n: <strong>\u00abRa\u00edces de mi Tierra\u00bb, Esteban Echaniz, Poly Panero, Caroso Monge y Canto Rodado.<\/strong><\/p>\n<p>Auspicia Comuna de Mar\u00eda Juana<\/p><iframe class='youtube-player youtuber' type='text\/html' width='425' height='355' src='http:\/\/www.youtube.com\/embed\/QVVNxXPPAIU?rel=0&amp;fs=1' webkitAllowFullScreen mozallowfullscreen allowFullScreen frameborder='0'><\/iframe>","protected":false},"excerpt":{"rendered":"<p>Como cada a\u00f1o, organizado por el Coro comunal de Mar\u00eda Juana, en el anfiteatro de la plaza [&hellip;]<\/p>\n","protected":false},"author":3,"featured_media":14668,"comment_status":"closed","ping_status":"closed","sticky":false,"template":"","format":"standard","meta":{"_jetpack_memberships_contains_paid_content":false,"footnotes":"","jetpack_publicize_message":"","jetpack_publicize_feature_enabled":true,"jetpack_social_post_already_shared":true,"jetpack_social_options":{"image_generator_settings":{"template":"highway","enabled":false}}},"categories":[15],"tags":[],"jetpack_publicize_connections":[],"jetpack_featured_media_url":"https:\/\/enteculturalsantafesino.com.ar\/usina2\/wp-content\/uploads\/2015\/01\/10906242_664046287037525_44699920563180082_n.jpg","jetpack_sharing_enabled":true,"_links":{"self":[{"href":"https:\/\/enteculturalsantafesino.com.ar\/usina2\/wp-json\/wp\/v2\/posts\/14667"}],"collection":[{"href":"https:\/\/enteculturalsantafesino.com.ar\/usina2\/wp-json\/wp\/v2\/posts"}],"about":[{"href":"https:\/\/enteculturalsantafesino.com.ar\/usina2\/wp-json\/wp\/v2\/types\/post"}],"author":[{"embeddable":true,"href":"https:\/\/enteculturalsantafesino.com.ar\/usina2\/wp-json\/wp\/v2\/users\/3"}],"replies":[{"embeddable":true,"href":"https:\/\/enteculturalsantafesino.com.ar\/usina2\/wp-json\/wp\/v2\/comments?post=14667"}],"version-history":[{"count":0,"href":"https:\/\/enteculturalsantafesino.com.ar\/usina2\/wp-json\/wp\/v2\/posts\/14667\/revisions"}],"wp:featuredmedia":[{"embeddable":true,"href":"https:\/\/enteculturalsantafesino.com.ar\/usina2\/wp-json\/wp\/v2\/media\/14668"}],"wp:attachment":[{"href":"https:\/\/enteculturalsantafesino.com.ar\/usina2\/wp-json\/wp\/v2\/media?parent=14667"}],"wp:term":[{"taxonomy":"category","embeddable":true,"href":"https:\/\/enteculturalsantafesino.com.ar\/usina2\/wp-json\/wp\/v2\/categories?post=14667"},{"taxonomy":"post_tag","embeddable":true,"href":"https:\/\/enteculturalsantafesino.com.ar\/usina2\/wp-json\/wp\/v2\/tags?post=14667"}],"curies":[{"name":"wp","href":"https:\/\/api.w.org\/{rel}","templated":true}]}}