{"id":14673,"date":"2015-01-06T14:38:54","date_gmt":"2015-01-06T14:38:54","guid":{"rendered":"http:\/\/entecultura.com.ar\/usina2\/?p=14673"},"modified":"2015-01-06T14:42:48","modified_gmt":"2015-01-06T14:42:48","slug":"14673","status":"publish","type":"post","link":"https:\/\/enteculturalsantafesino.com.ar\/usina2\/2015\/01\/14673\/","title":{"rendered":"\u00abFiesta Santafesina de la Hamburguesa\u00bb en Pilar"},"content":{"rendered":"<p>La<strong> Fiesta Santafesina de la Hamburguesa<\/strong> es organizada por el<a href=\"http:\/\/enteculturalsantafesino.com.ar\/usina2\/wp-content\/uploads\/2015\/01\/10801665_324143427796149_7467802137873561254_n.jpg\" rel=\"lightbox[14673]\"><img loading=\"lazy\" decoding=\"async\" class=\"alignright size-medium wp-image-14674\" src=\"http:\/\/enteculturalsantafesino.com.ar\/usina2\/wp-content\/uploads\/2015\/01\/10801665_324143427796149_7467802137873561254_n-216x300.jpg\" alt=\"10801665_324143427796149_7467802137873561254_n\" width=\"216\" height=\"300\" srcset=\"https:\/\/enteculturalsantafesino.com.ar\/usina2\/wp-content\/uploads\/2015\/01\/10801665_324143427796149_7467802137873561254_n-216x300.jpg 216w, https:\/\/enteculturalsantafesino.com.ar\/usina2\/wp-content\/uploads\/2015\/01\/10801665_324143427796149_7467802137873561254_n.jpg 284w\" sizes=\"(max-width: 216px) 100vw, 216px\" \/><\/a><\/p>\n<p><strong>Club Atl\u00e9tico Pilar<\/strong> con auspicio de la <strong>Comuna local<\/strong> y la Mutual de esa instituci\u00f3n se realizar\u00e1 este <strong>S\u00e1bado 10 de enero<\/strong> a partir de las 21hs, se estar\u00e1 festejando su <strong>10\u00ba edici\u00f3n.<\/strong><\/p>\n<p>Esta fiesta cuenta con la elecci\u00f3n de la reina y la participaci\u00f3n de grupos musicales entre los que se destacan <strong>\u00abLos Palmeras\u00bb <\/strong>y<strong> \u00abGrupo Alegr\u00eda\u00bb.<\/strong><\/p><iframe class='youtube-player youtuber' type='text\/html' width='425' height='355' src='http:\/\/www.youtube.com\/embed\/xKrCK2Eh8WQ?rel=0&amp;fs=1' webkitAllowFullScreen mozallowfullscreen allowFullScreen frameborder='0'><\/iframe>","protected":false},"excerpt":{"rendered":"<p>La Fiesta Santafesina de la Hamburguesa es organizada por el Club Atl\u00e9tico Pilar con auspicio de la [&hellip;]<\/p>\n","protected":false},"author":3,"featured_media":14674,"comment_status":"closed","ping_status":"closed","sticky":false,"template":"","format":"standard","meta":{"_jetpack_memberships_contains_paid_content":false,"footnotes":"","jetpack_publicize_message":"","jetpack_publicize_feature_enabled":true,"jetpack_social_post_already_shared":true,"jetpack_social_options":{"image_generator_settings":{"template":"highway","enabled":false}}},"categories":[40,1],"tags":[],"jetpack_publicize_connections":[],"jetpack_featured_media_url":"https:\/\/enteculturalsantafesino.com.ar\/usina2\/wp-content\/uploads\/2015\/01\/10801665_324143427796149_7467802137873561254_n.jpg","jetpack_sharing_enabled":true,"_links":{"self":[{"href":"https:\/\/enteculturalsantafesino.com.ar\/usina2\/wp-json\/wp\/v2\/posts\/14673"}],"collection":[{"href":"https:\/\/enteculturalsantafesino.com.ar\/usina2\/wp-json\/wp\/v2\/posts"}],"about":[{"href":"https:\/\/enteculturalsantafesino.com.ar\/usina2\/wp-json\/wp\/v2\/types\/post"}],"author":[{"embeddable":true,"href":"https:\/\/enteculturalsantafesino.com.ar\/usina2\/wp-json\/wp\/v2\/users\/3"}],"replies":[{"embeddable":true,"href":"https:\/\/enteculturalsantafesino.com.ar\/usina2\/wp-json\/wp\/v2\/comments?post=14673"}],"version-history":[{"count":0,"href":"https:\/\/enteculturalsantafesino.com.ar\/usina2\/wp-json\/wp\/v2\/posts\/14673\/revisions"}],"wp:featuredmedia":[{"embeddable":true,"href":"https:\/\/enteculturalsantafesino.com.ar\/usina2\/wp-json\/wp\/v2\/media\/14674"}],"wp:attachment":[{"href":"https:\/\/enteculturalsantafesino.com.ar\/usina2\/wp-json\/wp\/v2\/media?parent=14673"}],"wp:term":[{"taxonomy":"category","embeddable":true,"href":"https:\/\/enteculturalsantafesino.com.ar\/usina2\/wp-json\/wp\/v2\/categories?post=14673"},{"taxonomy":"post_tag","embeddable":true,"href":"https:\/\/enteculturalsantafesino.com.ar\/usina2\/wp-json\/wp\/v2\/tags?post=14673"}],"curies":[{"name":"wp","href":"https:\/\/api.w.org\/{rel}","templated":true}]}}