{"id":14740,"date":"2015-01-23T14:49:06","date_gmt":"2015-01-23T14:49:06","guid":{"rendered":"http:\/\/entecultura.com.ar\/usina2\/?p=14740"},"modified":"2015-01-23T14:49:06","modified_gmt":"2015-01-23T14:49:06","slug":"ataliva-se-prepara-para-vivir-la-primera-noche-de-carnaval","status":"publish","type":"post","link":"https:\/\/enteculturalsantafesino.com.ar\/usina2\/2015\/01\/ataliva-se-prepara-para-vivir-la-primera-noche-de-carnaval\/","title":{"rendered":"Ataliva se prepara para vivir la primera noche de Carnaval"},"content":{"rendered":"<p><em><\/em>Ataliva se prepara para vivir la primera noche de Carnaval.<a href=\"http:\/\/enteculturalsantafesino.com.ar\/usina2\/wp-content\/uploads\/2015\/01\/10926428_1553042211601827_8552581741047009043_n.jpg\" rel=\"lightbox[14740]\"><img loading=\"lazy\" decoding=\"async\" class=\"alignright size-medium wp-image-14741\" src=\"http:\/\/enteculturalsantafesino.com.ar\/usina2\/wp-content\/uploads\/2015\/01\/10926428_1553042211601827_8552581741047009043_n-300x300.jpg\" alt=\"10926428_1553042211601827_8552581741047009043_n\" width=\"300\" height=\"300\" srcset=\"https:\/\/enteculturalsantafesino.com.ar\/usina2\/wp-content\/uploads\/2015\/01\/10926428_1553042211601827_8552581741047009043_n-300x300.jpg 300w, https:\/\/enteculturalsantafesino.com.ar\/usina2\/wp-content\/uploads\/2015\/01\/10926428_1553042211601827_8552581741047009043_n-150x150.jpg 150w, https:\/\/enteculturalsantafesino.com.ar\/usina2\/wp-content\/uploads\/2015\/01\/10926428_1553042211601827_8552581741047009043_n.jpg 480w\" sizes=\"(max-width: 300px) 100vw, 300px\" \/><\/a><\/p>\n<p>Este viernes 23 en la Avda 25 de mayo a partir de las 21hs, se presentar\u00e1 la estelar de la Comparsa local \u00abAmamba&#8217;y\u00bb y 2 Comparsas invitadas \u00abMayunamel\u00bb de Sunchales y \u00abJaprika\u00bb de Lehmann, adem\u00e1s actuar\u00e1n el Super Fant\u00e1stico (banda de M\u00fasica de nuestra localidad) y Clave Cordobesa.<\/p>\n<p>La segunda jornada de Carnaval esta programada para el 21 de febrero<\/p>\n","protected":false},"excerpt":{"rendered":"<p>Ataliva se prepara para vivir la primera noche de Carnaval. Este viernes 23 en la Avda 25 [&hellip;]<\/p>\n","protected":false},"author":3,"featured_media":14741,"comment_status":"closed","ping_status":"closed","sticky":false,"template":"","format":"standard","meta":{"_jetpack_memberships_contains_paid_content":false,"footnotes":"","jetpack_publicize_message":"","jetpack_publicize_feature_enabled":true,"jetpack_social_post_already_shared":true,"jetpack_social_options":{"image_generator_settings":{"template":"highway","enabled":false}}},"categories":[42],"tags":[],"jetpack_publicize_connections":[],"jetpack_featured_media_url":"https:\/\/enteculturalsantafesino.com.ar\/usina2\/wp-content\/uploads\/2015\/01\/10926428_1553042211601827_8552581741047009043_n.jpg","jetpack_sharing_enabled":true,"_links":{"self":[{"href":"https:\/\/enteculturalsantafesino.com.ar\/usina2\/wp-json\/wp\/v2\/posts\/14740"}],"collection":[{"href":"https:\/\/enteculturalsantafesino.com.ar\/usina2\/wp-json\/wp\/v2\/posts"}],"about":[{"href":"https:\/\/enteculturalsantafesino.com.ar\/usina2\/wp-json\/wp\/v2\/types\/post"}],"author":[{"embeddable":true,"href":"https:\/\/enteculturalsantafesino.com.ar\/usina2\/wp-json\/wp\/v2\/users\/3"}],"replies":[{"embeddable":true,"href":"https:\/\/enteculturalsantafesino.com.ar\/usina2\/wp-json\/wp\/v2\/comments?post=14740"}],"version-history":[{"count":0,"href":"https:\/\/enteculturalsantafesino.com.ar\/usina2\/wp-json\/wp\/v2\/posts\/14740\/revisions"}],"wp:featuredmedia":[{"embeddable":true,"href":"https:\/\/enteculturalsantafesino.com.ar\/usina2\/wp-json\/wp\/v2\/media\/14741"}],"wp:attachment":[{"href":"https:\/\/enteculturalsantafesino.com.ar\/usina2\/wp-json\/wp\/v2\/media?parent=14740"}],"wp:term":[{"taxonomy":"category","embeddable":true,"href":"https:\/\/enteculturalsantafesino.com.ar\/usina2\/wp-json\/wp\/v2\/categories?post=14740"},{"taxonomy":"post_tag","embeddable":true,"href":"https:\/\/enteculturalsantafesino.com.ar\/usina2\/wp-json\/wp\/v2\/tags?post=14740"}],"curies":[{"name":"wp","href":"https:\/\/api.w.org\/{rel}","templated":true}]}}