{"id":14833,"date":"2015-02-10T11:44:06","date_gmt":"2015-02-10T11:44:06","guid":{"rendered":"http:\/\/entecultura.com.ar\/usina2\/?p=14833"},"modified":"2015-02-10T11:44:06","modified_gmt":"2015-02-10T11:44:06","slug":"sastre-candela-molineris-es-la-nueva-reina-del-carnaval","status":"publish","type":"post","link":"https:\/\/enteculturalsantafesino.com.ar\/usina2\/2015\/02\/sastre-candela-molineris-es-la-nueva-reina-del-carnaval\/","title":{"rendered":"Sastre: Candela Molineris es la nueva reina del carnaval"},"content":{"rendered":"<p>La joven de 17 a\u00f1os se convirti\u00f3 en la nueva soberana local de los corsos.<a class=\"thumbnail highslide with-zoomin-img zoomin-cur \" title=\"Candela Molineris competir&amp;aacute; por el reinado provincial.\" href=\"http:\/\/www.infosastre.com.ar\/images\/Noticias\/Espectaculos\/Carnavales\/2015\/Reinalocal.jpg\" rel=\"lightbox[14833]\"><img loading=\"lazy\" decoding=\"async\" src=\"http:\/\/www.infosastre.com.ar\/images\/Noticias\/thumbnails\/images-Noticias-Espectaculos-Carnavales-2015-Reinalocal-260x190.jpg\" alt=\"Candela Molineris competir\u00e1 por el reinado provincial.\" width=\"260\" height=\"190\" align=\"right\" hspace=\"10\" \/><\/a><\/p>\n<p>Ariadna Arraya y Agostina Vega fueron elegidas como sus princesas.<\/p>\n<p>Volvi\u00f3 a deslumbrar \u00abPenamb\u00ed Ber\u00e1\u00bb.<\/p>\n<p>&nbsp;<\/p>\n<p>Este s\u00e1bado la plaza Independencia se visti\u00f3 de gala para elegir la reina local del Carnaval en su 53\u00ba edici\u00f3n. Candela Molineris se consagr\u00f3 como la nueva soberana entre las nueve postulantes al trono.<\/p>\n<p>La joven de 17 a\u00f1os, recibi\u00f3 el cetro de manos de la reina saliente Emilia Seveso que junto a autoridades municipales y la senadora Cristina Berra coronaron a la flamante reina. Molineris ser\u00e1 la representante de la fiesta carnestolenda en el reinado provincial que se llevar\u00e1 a cabo el pr\u00f3ximo s\u00e1bado 14 de febrero.<\/p>\n<p>En la elecci\u00f3n por un jurado conformado por diferentes personas de localidades vecinas, Ariadna Arraya de 16 a\u00f1os result\u00f3 como primera princesa mientras que Agostina Vega, de 15 a\u00f1os, fue elegida segunda princesa.<\/p>\n<p>La ceremonia se realiz\u00f3 luego del imponente show desplegando por la comparsa \u201cPenamb\u00ed Ber\u00e1\u201d y Penamb\u00ed Ber\u00e1 Jrs\u201d con todo brillo, glamour, el colorido de sus trajes y la alegr\u00eda de sus pasistas representando al \u201cEgipto Majestuoso: El Culto de Isis\u201d, la diosa egipcia de la Fertilidad.<\/p>\n<p><a class=\"thumbnail highslide with-zoomin-img zoomin-cur\" title=\"Pasistas de Penamb&amp;iacute; Ber&amp;aacute;.\" href=\"http:\/\/www.infosastre.com.ar\/images\/Noticias\/Espectaculos\/Carnavales\/2015\/Penambi.jpg\" rel=\"lightbox[14833]\"><img loading=\"lazy\" decoding=\"async\" class=\" alignright\" src=\"http:\/\/www.infosastre.com.ar\/images\/Noticias\/thumbnails\/images-Noticias-Espectaculos-Carnavales-2015-Penambi-260x190.jpg\" alt=\"Pasistas de Penamb\u00ed Ber\u00e1.\" width=\"260\" height=\"190\" align=\"left\" hspace=\"10\" \/><\/a>\u00a0\u00a0 Adem\u00e1s del incomparable ritmo de su banda tambi\u00e9n sobresalieron \u201cLos Camoleteros\u201d en el escarabajo egipcio. El grupo de m\u00fasicos y bailarines volvi\u00f3 a deslumbrar al p\u00fablico con su show en el cierre del corso.<\/p>\n<p>Tras la coronaci\u00f3n, el bailantero present\u00f3 su espect\u00e1culo repasando sus m\u00e1s grandes \u00e9xitos, la movida de la disco y por \u00faltimo la actuaci\u00f3n del el d\u00fao conformado por Franco Gennaro y Bruno Biss\u00f3n, creadores del hit \u201cChica Wow\u201d. En el inicio de la segunda noche de carnaval, Banda Viajera abri\u00f3 el espect\u00e1culo con sus convers m\u00e1s reconocidos del rock.<\/p>\n<p>Los fabulosos Corsos continuar\u00e1n el pr\u00f3ximo s\u00e1bado 14. Se presentar\u00e1 Diego Contreras con el tributo a Ricardo Arjona, Los Tulipanes y el grupo de reggae La Zimbabwe.<\/p>\n","protected":false},"excerpt":{"rendered":"<p>La joven de 17 a\u00f1os se convirti\u00f3 en la nueva soberana local de los corsos. Ariadna Arraya [&hellip;]<\/p>\n","protected":false},"author":3,"featured_media":14834,"comment_status":"closed","ping_status":"closed","sticky":false,"template":"","format":"standard","meta":{"_jetpack_memberships_contains_paid_content":false,"footnotes":"","jetpack_publicize_message":"","jetpack_publicize_feature_enabled":true,"jetpack_social_post_already_shared":true,"jetpack_social_options":{"image_generator_settings":{"template":"highway","enabled":false}}},"categories":[18],"tags":[],"jetpack_publicize_connections":[],"jetpack_featured_media_url":"https:\/\/enteculturalsantafesino.com.ar\/usina2\/wp-content\/uploads\/2015\/02\/Reinalocal.jpg","jetpack_sharing_enabled":true,"_links":{"self":[{"href":"https:\/\/enteculturalsantafesino.com.ar\/usina2\/wp-json\/wp\/v2\/posts\/14833"}],"collection":[{"href":"https:\/\/enteculturalsantafesino.com.ar\/usina2\/wp-json\/wp\/v2\/posts"}],"about":[{"href":"https:\/\/enteculturalsantafesino.com.ar\/usina2\/wp-json\/wp\/v2\/types\/post"}],"author":[{"embeddable":true,"href":"https:\/\/enteculturalsantafesino.com.ar\/usina2\/wp-json\/wp\/v2\/users\/3"}],"replies":[{"embeddable":true,"href":"https:\/\/enteculturalsantafesino.com.ar\/usina2\/wp-json\/wp\/v2\/comments?post=14833"}],"version-history":[{"count":0,"href":"https:\/\/enteculturalsantafesino.com.ar\/usina2\/wp-json\/wp\/v2\/posts\/14833\/revisions"}],"wp:featuredmedia":[{"embeddable":true,"href":"https:\/\/enteculturalsantafesino.com.ar\/usina2\/wp-json\/wp\/v2\/media\/14834"}],"wp:attachment":[{"href":"https:\/\/enteculturalsantafesino.com.ar\/usina2\/wp-json\/wp\/v2\/media?parent=14833"}],"wp:term":[{"taxonomy":"category","embeddable":true,"href":"https:\/\/enteculturalsantafesino.com.ar\/usina2\/wp-json\/wp\/v2\/categories?post=14833"},{"taxonomy":"post_tag","embeddable":true,"href":"https:\/\/enteculturalsantafesino.com.ar\/usina2\/wp-json\/wp\/v2\/tags?post=14833"}],"curies":[{"name":"wp","href":"https:\/\/api.w.org\/{rel}","templated":true}]}}