{"id":14837,"date":"2015-02-10T15:06:08","date_gmt":"2015-02-10T15:06:08","guid":{"rendered":"http:\/\/entecultura.com.ar\/usina2\/?p=14837"},"modified":"2015-02-10T15:06:08","modified_gmt":"2015-02-10T15:06:08","slug":"milonga-para-todos-en-san-vicente","status":"publish","type":"post","link":"https:\/\/enteculturalsantafesino.com.ar\/usina2\/2015\/02\/milonga-para-todos-en-san-vicente\/","title":{"rendered":"Milonga para todos en San Vicente"},"content":{"rendered":"<p><span class=\"null\">El Taller Comunal de Cultura de San Vicente,<a href=\"http:\/\/enteculturalsantafesino.com.ar\/usina2\/wp-content\/uploads\/2015\/02\/images-1.jpg\" rel=\"lightbox[14837]\"><img loading=\"lazy\" decoding=\"async\" class=\"alignright size-full wp-image-14838\" src=\"http:\/\/enteculturalsantafesino.com.ar\/usina2\/wp-content\/uploads\/2015\/02\/images-1.jpg\" alt=\"images (1)\" width=\"259\" height=\"194\" \/><\/a> <\/span><\/p>\n<p><span class=\"null\">la Pe\u00f1a de Tango \u201cRE-FA-SI\u201d y el grupo Milonga \u201cMadreselva\u201d extienden una especial invitaci\u00f3n para el viernes 6 de marzo de 2015, en el Sal\u00f3n Comunal Presidente Sarmiento a partir de las 21 hs.<\/span><\/p>\n<p><span class=\"null\">El cronograma de actividades cuenta con clases de tango, dictadas por los maestros internacionales Jos\u00e9 Mar\u00eda Luna y Laura Mangioni; como as\u00ed tambi\u00e9n la participaci\u00f3n de cantantes y bailarines invitados de la zona.<\/span><\/p>\n<p><span class=\"null\">Habr\u00e1 servicio de buffet para compartir un buen momento, aprendiendo y disfrutando del talento tanguero.<\/span><\/p>\n<p>Fuente: FM 93.5 San Vicente<\/p>\n","protected":false},"excerpt":{"rendered":"<p>El Taller Comunal de Cultura de San Vicente, la Pe\u00f1a de Tango \u201cRE-FA-SI\u201d y el grupo Milonga [&hellip;]<\/p>\n","protected":false},"author":3,"featured_media":14838,"comment_status":"closed","ping_status":"closed","sticky":false,"template":"","format":"standard","meta":{"_jetpack_memberships_contains_paid_content":false,"footnotes":"","jetpack_publicize_message":"","jetpack_publicize_feature_enabled":true,"jetpack_social_post_already_shared":true,"jetpack_social_options":{"image_generator_settings":{"template":"highway","enabled":false}}},"categories":[5],"tags":[],"jetpack_publicize_connections":[],"jetpack_featured_media_url":"https:\/\/enteculturalsantafesino.com.ar\/usina2\/wp-content\/uploads\/2015\/02\/images-1.jpg","jetpack_sharing_enabled":true,"_links":{"self":[{"href":"https:\/\/enteculturalsantafesino.com.ar\/usina2\/wp-json\/wp\/v2\/posts\/14837"}],"collection":[{"href":"https:\/\/enteculturalsantafesino.com.ar\/usina2\/wp-json\/wp\/v2\/posts"}],"about":[{"href":"https:\/\/enteculturalsantafesino.com.ar\/usina2\/wp-json\/wp\/v2\/types\/post"}],"author":[{"embeddable":true,"href":"https:\/\/enteculturalsantafesino.com.ar\/usina2\/wp-json\/wp\/v2\/users\/3"}],"replies":[{"embeddable":true,"href":"https:\/\/enteculturalsantafesino.com.ar\/usina2\/wp-json\/wp\/v2\/comments?post=14837"}],"version-history":[{"count":0,"href":"https:\/\/enteculturalsantafesino.com.ar\/usina2\/wp-json\/wp\/v2\/posts\/14837\/revisions"}],"wp:featuredmedia":[{"embeddable":true,"href":"https:\/\/enteculturalsantafesino.com.ar\/usina2\/wp-json\/wp\/v2\/media\/14838"}],"wp:attachment":[{"href":"https:\/\/enteculturalsantafesino.com.ar\/usina2\/wp-json\/wp\/v2\/media?parent=14837"}],"wp:term":[{"taxonomy":"category","embeddable":true,"href":"https:\/\/enteculturalsantafesino.com.ar\/usina2\/wp-json\/wp\/v2\/categories?post=14837"},{"taxonomy":"post_tag","embeddable":true,"href":"https:\/\/enteculturalsantafesino.com.ar\/usina2\/wp-json\/wp\/v2\/tags?post=14837"}],"curies":[{"name":"wp","href":"https:\/\/api.w.org\/{rel}","templated":true}]}}