{"id":14840,"date":"2015-02-10T15:32:08","date_gmt":"2015-02-10T15:32:08","guid":{"rendered":"http:\/\/entecultura.com.ar\/usina2\/?p=14840"},"modified":"2015-02-10T15:32:08","modified_gmt":"2015-02-10T15:32:08","slug":"carnaval-federal-estacion-verano-esperanza-2015","status":"publish","type":"post","link":"https:\/\/enteculturalsantafesino.com.ar\/usina2\/2015\/02\/carnaval-federal-estacion-verano-esperanza-2015\/","title":{"rendered":"Carnaval Federal: Estaci\u00f3n Verano Esperanza 2015"},"content":{"rendered":"<p>Es la fiesta popular por excelencia que convoca<a href=\"http:\/\/enteculturalsantafesino.com.ar\/usina2\/wp-content\/uploads\/2015\/02\/b_800_600_0_00_images_AFICHECARNAVAL_2015.jpg\" rel=\"lightbox[14840]\"><img loading=\"lazy\" decoding=\"async\" class=\"alignright size-medium wp-image-14841\" src=\"http:\/\/enteculturalsantafesino.com.ar\/usina2\/wp-content\/uploads\/2015\/02\/b_800_600_0_00_images_AFICHECARNAVAL_2015-209x300.jpg\" alt=\"b_800_600_0_00_images_AFICHECARNAVAL_2015\" width=\"209\" height=\"300\" srcset=\"https:\/\/enteculturalsantafesino.com.ar\/usina2\/wp-content\/uploads\/2015\/02\/b_800_600_0_00_images_AFICHECARNAVAL_2015-209x300.jpg 209w, https:\/\/enteculturalsantafesino.com.ar\/usina2\/wp-content\/uploads\/2015\/02\/b_800_600_0_00_images_AFICHECARNAVAL_2015.jpg 417w\" sizes=\"(max-width: 209px) 100vw, 209px\" \/><\/a><\/p>\n<p>a la ciudadan\u00eda de Esperanza y de localidades vecinas convirti\u00e9ndose en un evento donde se rescatan tradiciones y costumbres de los festejos de Carnaval, incluyendo diferentes segmentos etarios y sociales con un programa de car\u00e1cter participativo con la presencia y compromiso de numerosas instituciones de la ciudad en un trabajo mancomunado con el Gobierno municipal.<\/p>\n<p>Estos tradicionales festejos se ver\u00e1n enriquecidos con la proyecci\u00f3n que los mismos puedan alcanzar, por estar incluidos en el calendario oficial de los Carnavales Federales y en el Programa Nacional de Fortalecimiento de las expresiones del Carnaval Argentino.<br \/>\nPor todo ello, la Municipalidad de Esperanza -a trav\u00e9s de la Secretar\u00eda de Cultura y Deportes- se encuentra abocada a la organizaci\u00f3n de los festejos del Carnaval Federal de la Alegr\u00eda Estaci\u00f3n Verano 2015 que se llevar\u00e1 a cabo en la Estaci\u00f3n del Ferrocarril Gral. Belgrano sobre calle Dr. G\u00e1lvez -entre las calles Rivadavia y Moreno- tal como se viene realizando con gran \u00e9xito los \u00faltimos a\u00f1os, en un programa rico en propuestas art\u00edsticas. Los festejos comenzar\u00e1n los d\u00edas s\u00e1bado y domingo a partir de las 20 hs.<\/p>\n<p>CRONOGRAMA GENERAL<\/p>\n<p>D\u00eda S\u00e1bado 14<br \/>\nGrupo musical bailable \u201cLa Kuartetera\u201d.<br \/>\nProyecci\u00f3n del Spot institucional y del Carnaval Federal.<br \/>\nPresentaci\u00f3n de las candidatas a Reina, 1era y 2da princesas 2015 de la Ciudad, Miss Simpat\u00eda, Miss Elegancia, Miss Carnaval, y Miss Modelo.<br \/>\nDesfile de disfraces \u201cConcurso Disfrazar-Me\u201d una propuesta de participaci\u00f3n e integraci\u00f3n para ni\u00f1os y j\u00f3venes de la ciudad hasta los diecis\u00e9is a\u00f1os.<br \/>\nActuaci\u00f3n del Taller Municipal \u201cPapeles que Suenan y Resuenan\u201d taller de pl\u00e1stica y m\u00fasica donde la tercera edad encuentra un espacio de expresi\u00f3n, con la presentaci\u00f3n de un desfile y una coreograf\u00eda musical \u201cUna Esperanza Mayor\u201d con la participaci\u00f3n de candidatas a Reinas de la Ciudad: Reina de la Sabidur\u00eda, de la Experiencia, de la Alegr\u00eda, de la Esperanza, y de la Simpat\u00eda.<br \/>\nPresentaci\u00f3n de la Murga de la Alegr\u00eda del Liceo Municipal \u201cJos\u00e9 Pedroni\u201d integrada por ni\u00f1os de la Colonia Municipal de Verano.<br \/>\nPresentaci\u00f3n de la Murga de \u201cCalidez de Vida\u201d valiosa propuesta de integraci\u00f3n.<br \/>\nPresentaci\u00f3n de \u201cCarnaval Mocov\u00ed\u201d de la agrupaci\u00f3n \u201cLlalec Lava\u201d -que significa hijos de la tierra- con ni\u00f1os y padres de la comunidad de Recreo que representar\u00e1n a trav\u00e9s de la danza, vestimenta y cantos la cultura Mocov\u00ed. La puesta en escena es una fusi\u00f3n de los actuales carnavales con la danza tradicional que utilizaban los mocov\u00edes en tiempos pasados para algunos ritos. La vestimenta, con los materiales disponibles, muestra el contenido del monte representando cada traje la vegetaci\u00f3n los animales y plantas.<br \/>\nPaso comparsa infantil \u201cMaribel\u201d.<br \/>\nActuaci\u00f3n de Sergio Torres.<br \/>\nPaso comparsa \u201cKimey\u201d.<br \/>\nPaso comparsa \u201cCarioca\u201d.<\/p>\n<p>D\u00eda Domingo 15<br \/>\n\u201cCarnaval sobre Ruedas\u201d exposici\u00f3n y desfile de las unidades de autos y motos antiguas de los distintos Clubes de la ciudad, disfrazadas de Carnaval.<br \/>\nPremiaci\u00f3n y entrega de premios a los autos ganadores del \u201cCarnaval sobre Ruedas\u201d y reconocimiento al equipo de competici\u00f3n de la Escuela de Educaci\u00f3n T\u00e9cnica Profesional N\u00ba 455 \u201cGral. Don Jos\u00e9 de San Mart\u00edn\u201d.<br \/>\nPresentaci\u00f3n de las candidatas para la elecci\u00f3n de la Reina de la Ciudad y sus princesas, y las candidatas del Taller Municipal \u201cPapeles que Suenan y Resuenan\u201d.<br \/>\nActuaci\u00f3n del Taller Municipal \u201cPapeles que Suenan y Resuenan\u201d, taller de pl\u00e1stica y m\u00fasica donde la tercera edad encuentra un espacio de expresi\u00f3n, con la presentaci\u00f3n de la carroza \u201cUna Esperanza Mayor\u201d interpretaci\u00f3n coreogr\u00e1fica.<br \/>\nDesfile de disfraces \u201cConcurso Disfrazar-Me\u201d una propuesta de participaci\u00f3n e integraci\u00f3n para ni\u00f1os y j\u00f3venes de la ciudad hasta los diecis\u00e9is a\u00f1os con entrega de premio est\u00edmulo.<br \/>\nPaso comparsa \u201cMahavir\u00e1\u201d.<br \/>\nPremiaci\u00f3n \u201cConcurso Disfrazar-Me\u201d por categor\u00eda Mini, Baby y Junior.<br \/>\nPaso comparsa \u201cBella Flor\u201d.<br \/>\nActuaci\u00f3n de \u201cKaniche\u201d.<br \/>\nPaso comparsa \u201cMaril\u00fa\u201d.<br \/>\nEntrega de premios \u201cDiversi\u00f3n S\u00ed, Basura No\u201d del \u00c1rea de Saneamiento de la Secretar\u00eda de Servicios P\u00fablicos, tradicional propuesta de participaci\u00f3n y concientizaci\u00f3n para ni\u00f1os y j\u00f3venes que colaboren con la recolecci\u00f3n de tubos de espuma durante las noches en que se desarrollen los festejos.<br \/>\nElecci\u00f3n y coronaci\u00f3n Reinas Princesas y Misses de la Ciudad y Reinas de la Carroza \u201cUna Esperanza Mayor\u201d.<\/p>\n<p>Fuente: Municipalidad de Esperanza<\/p>\n","protected":false},"excerpt":{"rendered":"<p>Es la fiesta popular por excelencia que convoca a la ciudadan\u00eda de Esperanza y de localidades vecinas [&hellip;]<\/p>\n","protected":false},"author":3,"featured_media":14841,"comment_status":"closed","ping_status":"closed","sticky":false,"template":"","format":"standard","meta":{"_jetpack_memberships_contains_paid_content":false,"footnotes":"","jetpack_publicize_message":"","jetpack_publicize_feature_enabled":true,"jetpack_social_post_already_shared":true,"jetpack_social_options":{"image_generator_settings":{"template":"highway","enabled":false}}},"categories":[33],"tags":[],"jetpack_publicize_connections":[],"jetpack_featured_media_url":"https:\/\/enteculturalsantafesino.com.ar\/usina2\/wp-content\/uploads\/2015\/02\/b_800_600_0_00_images_AFICHECARNAVAL_2015.jpg","jetpack_sharing_enabled":true,"_links":{"self":[{"href":"https:\/\/enteculturalsantafesino.com.ar\/usina2\/wp-json\/wp\/v2\/posts\/14840"}],"collection":[{"href":"https:\/\/enteculturalsantafesino.com.ar\/usina2\/wp-json\/wp\/v2\/posts"}],"about":[{"href":"https:\/\/enteculturalsantafesino.com.ar\/usina2\/wp-json\/wp\/v2\/types\/post"}],"author":[{"embeddable":true,"href":"https:\/\/enteculturalsantafesino.com.ar\/usina2\/wp-json\/wp\/v2\/users\/3"}],"replies":[{"embeddable":true,"href":"https:\/\/enteculturalsantafesino.com.ar\/usina2\/wp-json\/wp\/v2\/comments?post=14840"}],"version-history":[{"count":0,"href":"https:\/\/enteculturalsantafesino.com.ar\/usina2\/wp-json\/wp\/v2\/posts\/14840\/revisions"}],"wp:featuredmedia":[{"embeddable":true,"href":"https:\/\/enteculturalsantafesino.com.ar\/usina2\/wp-json\/wp\/v2\/media\/14841"}],"wp:attachment":[{"href":"https:\/\/enteculturalsantafesino.com.ar\/usina2\/wp-json\/wp\/v2\/media?parent=14840"}],"wp:term":[{"taxonomy":"category","embeddable":true,"href":"https:\/\/enteculturalsantafesino.com.ar\/usina2\/wp-json\/wp\/v2\/categories?post=14840"},{"taxonomy":"post_tag","embeddable":true,"href":"https:\/\/enteculturalsantafesino.com.ar\/usina2\/wp-json\/wp\/v2\/tags?post=14840"}],"curies":[{"name":"wp","href":"https:\/\/api.w.org\/{rel}","templated":true}]}}