{"id":14843,"date":"2015-02-11T18:48:27","date_gmt":"2015-02-11T18:48:27","guid":{"rendered":"http:\/\/entecultura.com.ar\/usina2\/?p=14843"},"modified":"2015-02-11T18:48:27","modified_gmt":"2015-02-11T18:48:27","slug":"lehmann-proyectando-cultura","status":"publish","type":"post","link":"https:\/\/enteculturalsantafesino.com.ar\/usina2\/2015\/02\/lehmann-proyectando-cultura\/","title":{"rendered":"Lehmann: Proyectando Cultura"},"content":{"rendered":"<p>El d\u00eda 6 de febrero, a las 20:00 hs, integrantes<a href=\"http:\/\/enteculturalsantafesino.com.ar\/usina2\/wp-content\/uploads\/2015\/02\/10429214_1540085076273148_8110788328686761786_n.jpg\" rel=\"lightbox[14843]\"><img loading=\"lazy\" decoding=\"async\" class=\"alignright size-medium wp-image-14844\" src=\"http:\/\/enteculturalsantafesino.com.ar\/usina2\/wp-content\/uploads\/2015\/02\/10429214_1540085076273148_8110788328686761786_n-300x200.jpg\" alt=\"10429214_1540085076273148_8110788328686761786_n\" width=\"300\" height=\"200\" srcset=\"https:\/\/enteculturalsantafesino.com.ar\/usina2\/wp-content\/uploads\/2015\/02\/10429214_1540085076273148_8110788328686761786_n-300x200.jpg 300w, https:\/\/enteculturalsantafesino.com.ar\/usina2\/wp-content\/uploads\/2015\/02\/10429214_1540085076273148_8110788328686761786_n.jpg 960w\" sizes=\"(max-width: 300px) 100vw, 300px\" \/><\/a><\/p>\n<p>de la Comisi\u00f3n de Cultura de esta localidad se<\/p>\n<p>reunieron en la Sede de la biblioteca Pop<span class=\"text_exposed_show\">ular \u00abHector M. Reinaudi\u00bb con la finalidad de dar comienzo a otro a\u00f1o repleto de actividades culturales.<\/span><\/p>\n<div class=\"text_exposed_show\">\n<p>Uno de los temas planteados y discutidos por dicha Comisi\u00f3n, fue la incorporaci\u00f3n y an\u00e1lisis de nuevos proyectos culturales que se podr\u00edan, si se dan las condiciones, concretar a lo largo de este a\u00f1o, como as\u00ed tambi\u00e9n la continuidad de los talleres ya existentes.<\/p>\n<p>Cabe destacar que en el mes de Marzo se realizar\u00e1, como todos los a\u00f1os, la fiesta de la mujer cuya finalidad es agasajarlas en su d\u00eda, destacando a la mujer del a\u00f1o 2015.<\/p>\n<p>Finalmente, la Comisi\u00f3n de Cultura informa que la Sra. Mar\u00eda Rosa Rudolf present\u00f3 su renuncia a la misma, por motivos personales y privados. Los integrantes agradecen su labor dentro del grupo, ya que fue una persona que trabaj\u00f3, constantemente y con ah\u00ednco, en pos de la cultura lehmense.<\/p>\n<\/div>\n","protected":false},"excerpt":{"rendered":"<p>El d\u00eda 6 de febrero, a las 20:00 hs, integrantes de la Comisi\u00f3n de Cultura de esta [&hellip;]<\/p>\n","protected":false},"author":3,"featured_media":14844,"comment_status":"closed","ping_status":"closed","sticky":false,"template":"","format":"standard","meta":{"_jetpack_memberships_contains_paid_content":false,"footnotes":"","jetpack_publicize_message":"","jetpack_publicize_feature_enabled":true,"jetpack_social_post_already_shared":true,"jetpack_social_options":{"image_generator_settings":{"template":"highway","enabled":false}}},"categories":[2],"tags":[],"jetpack_publicize_connections":[],"jetpack_featured_media_url":"https:\/\/enteculturalsantafesino.com.ar\/usina2\/wp-content\/uploads\/2015\/02\/10429214_1540085076273148_8110788328686761786_n.jpg","jetpack_sharing_enabled":true,"_links":{"self":[{"href":"https:\/\/enteculturalsantafesino.com.ar\/usina2\/wp-json\/wp\/v2\/posts\/14843"}],"collection":[{"href":"https:\/\/enteculturalsantafesino.com.ar\/usina2\/wp-json\/wp\/v2\/posts"}],"about":[{"href":"https:\/\/enteculturalsantafesino.com.ar\/usina2\/wp-json\/wp\/v2\/types\/post"}],"author":[{"embeddable":true,"href":"https:\/\/enteculturalsantafesino.com.ar\/usina2\/wp-json\/wp\/v2\/users\/3"}],"replies":[{"embeddable":true,"href":"https:\/\/enteculturalsantafesino.com.ar\/usina2\/wp-json\/wp\/v2\/comments?post=14843"}],"version-history":[{"count":0,"href":"https:\/\/enteculturalsantafesino.com.ar\/usina2\/wp-json\/wp\/v2\/posts\/14843\/revisions"}],"wp:featuredmedia":[{"embeddable":true,"href":"https:\/\/enteculturalsantafesino.com.ar\/usina2\/wp-json\/wp\/v2\/media\/14844"}],"wp:attachment":[{"href":"https:\/\/enteculturalsantafesino.com.ar\/usina2\/wp-json\/wp\/v2\/media?parent=14843"}],"wp:term":[{"taxonomy":"category","embeddable":true,"href":"https:\/\/enteculturalsantafesino.com.ar\/usina2\/wp-json\/wp\/v2\/categories?post=14843"},{"taxonomy":"post_tag","embeddable":true,"href":"https:\/\/enteculturalsantafesino.com.ar\/usina2\/wp-json\/wp\/v2\/tags?post=14843"}],"curies":[{"name":"wp","href":"https:\/\/api.w.org\/{rel}","templated":true}]}}