{"id":14850,"date":"2015-02-13T20:33:44","date_gmt":"2015-02-13T20:33:44","guid":{"rendered":"http:\/\/entecultura.com.ar\/usina2\/?p=14850"},"modified":"2015-02-13T20:33:44","modified_gmt":"2015-02-13T20:33:44","slug":"maria-juana-en-chile","status":"publish","type":"post","link":"https:\/\/enteculturalsantafesino.com.ar\/usina2\/2015\/02\/maria-juana-en-chile\/","title":{"rendered":"Maria Juana en Chile"},"content":{"rendered":"<p>D\u00edas pasados \u00a0llegaron a nuestra localidad los\u00a0<img loading=\"lazy\" decoding=\"async\" class=\"alignright size-full wp-image-14851\" src=\"http:\/\/enteculturalsantafesino.com.ar\/usina2\/wp-content\/uploads\/2015\/02\/folk_chile2.jpg\" alt=\"folk_chile2\" width=\"204\" height=\"153\" \/><\/p>\n<p>4 bailarines de nuestro pueblo que viajaron a<\/p>\n<p>Chile con el Ballet Pampa y Cielo.<\/p>\n<p>Lucas Vasquez, Mariano Francone, Tachi Romero y Evelyn Groendyk\u00a0contaron la experiencia maravillosa que tuvieron.<br \/>\nEl Ballet recibio muy buenas cr\u00edticas, siendo aplaudido de pie en varias oportunidades.<br \/>\nLa delegaci\u00f3n fue la mas numerosa, integrada por 41 personas de los cuales 25 eran bailarines.<br \/>\nIntercambiaron experiencia con ballets de otros pa\u00edses quienes mostraron sus danzas y trajes t\u00edpicos.<\/p>\n<p>Bolivia se caracteriz\u00f3 por el colorido de sus trajes y el cuadro de carnaval que presentaron.<br \/>\nParaguay presento el tradicional y muy bien logrado baile donde las bailarinas depositan botellas sobre sus cabezas en gran cantidad.<br \/>\nHubo mucha espectativa por la pareja de tango integrada por Mariano y Evelyn, quienes deleitaron a los presentes y fueron ovacionados.<br \/>\nEn cuanto a las comidas que pudieron degustar, muchas estaban basadas en pescado y arroz.<br \/>\nPor ser Iquique una ciudad pr\u00f3xima al mar, all\u00ed la delegaci\u00f3n disfrut\u00f3 del agua sol y arena.<br \/>\nFelicitamos a estos bailarines que llevaron nuestra cultura al hermano pa\u00eds de Chile.<\/p>\n<p>Fuente: Mar\u00eda Juana Noticias<\/p>\n","protected":false},"excerpt":{"rendered":"<p>D\u00edas pasados \u00a0llegaron a nuestra localidad los\u00a0 4 bailarines de nuestro pueblo que viajaron a Chile con [&hellip;]<\/p>\n","protected":false},"author":3,"featured_media":14851,"comment_status":"closed","ping_status":"closed","sticky":false,"template":"","format":"standard","meta":{"_jetpack_memberships_contains_paid_content":false,"footnotes":"","jetpack_publicize_message":"","jetpack_publicize_feature_enabled":true,"jetpack_social_post_already_shared":true,"jetpack_social_options":{"image_generator_settings":{"template":"highway","enabled":false}}},"categories":[15],"tags":[],"jetpack_publicize_connections":[],"jetpack_featured_media_url":"https:\/\/enteculturalsantafesino.com.ar\/usina2\/wp-content\/uploads\/2015\/02\/folk_chile2.jpg","jetpack_sharing_enabled":true,"_links":{"self":[{"href":"https:\/\/enteculturalsantafesino.com.ar\/usina2\/wp-json\/wp\/v2\/posts\/14850"}],"collection":[{"href":"https:\/\/enteculturalsantafesino.com.ar\/usina2\/wp-json\/wp\/v2\/posts"}],"about":[{"href":"https:\/\/enteculturalsantafesino.com.ar\/usina2\/wp-json\/wp\/v2\/types\/post"}],"author":[{"embeddable":true,"href":"https:\/\/enteculturalsantafesino.com.ar\/usina2\/wp-json\/wp\/v2\/users\/3"}],"replies":[{"embeddable":true,"href":"https:\/\/enteculturalsantafesino.com.ar\/usina2\/wp-json\/wp\/v2\/comments?post=14850"}],"version-history":[{"count":0,"href":"https:\/\/enteculturalsantafesino.com.ar\/usina2\/wp-json\/wp\/v2\/posts\/14850\/revisions"}],"wp:featuredmedia":[{"embeddable":true,"href":"https:\/\/enteculturalsantafesino.com.ar\/usina2\/wp-json\/wp\/v2\/media\/14851"}],"wp:attachment":[{"href":"https:\/\/enteculturalsantafesino.com.ar\/usina2\/wp-json\/wp\/v2\/media?parent=14850"}],"wp:term":[{"taxonomy":"category","embeddable":true,"href":"https:\/\/enteculturalsantafesino.com.ar\/usina2\/wp-json\/wp\/v2\/categories?post=14850"},{"taxonomy":"post_tag","embeddable":true,"href":"https:\/\/enteculturalsantafesino.com.ar\/usina2\/wp-json\/wp\/v2\/tags?post=14850"}],"curies":[{"name":"wp","href":"https:\/\/api.w.org\/{rel}","templated":true}]}}