{"id":14855,"date":"2015-02-14T20:23:00","date_gmt":"2015-02-14T20:23:00","guid":{"rendered":"http:\/\/entecultura.com.ar\/usina2\/?p=14855"},"modified":"2015-02-14T20:23:00","modified_gmt":"2015-02-14T20:23:00","slug":"esperanza-carnaval-federal-de-la-alegria-estacion-verano-2015-2","status":"publish","type":"post","link":"https:\/\/enteculturalsantafesino.com.ar\/usina2\/2015\/02\/esperanza-carnaval-federal-de-la-alegria-estacion-verano-2015-2\/","title":{"rendered":"Esperanza: Carnaval Federal de la Alegr\u00eda Estaci\u00f3n Verano 2015"},"content":{"rendered":"<p>Meiners recibi\u00f3 a las postulantes a Reina de la Ciudad<img loading=\"lazy\" decoding=\"async\" class=\"alignright size-medium wp-image-14857\" src=\"http:\/\/enteculturalsantafesino.com.ar\/usina2\/wp-content\/uploads\/2015\/02\/10947303_882771345077984_4951768252289542986_n-300x200.jpg\" alt=\"10947303_882771345077984_4951768252289542986_n\" width=\"300\" height=\"200\" srcset=\"https:\/\/enteculturalsantafesino.com.ar\/usina2\/wp-content\/uploads\/2015\/02\/10947303_882771345077984_4951768252289542986_n-300x200.jpg 300w, https:\/\/enteculturalsantafesino.com.ar\/usina2\/wp-content\/uploads\/2015\/02\/10947303_882771345077984_4951768252289542986_n.jpg 960w\" sizes=\"(max-width: 300px) 100vw, 300px\" \/><\/p>\n<p>La intendente Ana Mar\u00eda Meiners en el Sal\u00f3n Blanco del palacio municipal, con c\u00e1lidas palabras de aliento, brind\u00f3 la bienvenida a la veintena de j\u00f3venes y bellas postulantes a Reina de la Ciudad, princesas y misses -en representaci\u00f3n de otras tantas instituciones- que se elegir\u00e1n en la \u00faltima jornada del Carnaval Federal de la Alegr\u00eda Estaci\u00f3n Verano 2015 se llevar\u00e1 a ca<span class=\"text_exposed_show\">bo durante este fin de semana en el predio de la Estaci\u00f3n del Ferrocarril Gral. Belgrano -sobre calle Dr. G\u00e1lvez, entre las calles Rivadavia y Moreno- , con un programa rico en propuestas art\u00edsticas. Los tradicionales festejos populares se realizar\u00e1n los d\u00edas s\u00e1bado 14 y domingo 15 a partir de las 21, con entrada libre y gratuita.<\/span><\/p>\n<div class=\"text_exposed_show\">\n<p>Como se recordar\u00e1, en la edici\u00f3n 2014 fue elegida como Reina de la Ciudad de Esperanza la candidata del <a href=\"http:\/\/enteculturalsantafesino.com.ar\/usina2\/wp-content\/uploads\/2015\/02\/1959269_882771378411314_2635402102073853055_n.jpg\" rel=\"lightbox[14855]\"><img loading=\"lazy\" decoding=\"async\" class=\"alignright size-medium wp-image-14856\" src=\"http:\/\/enteculturalsantafesino.com.ar\/usina2\/wp-content\/uploads\/2015\/02\/1959269_882771378411314_2635402102073853055_n-300x95.jpg\" alt=\"1959269_882771378411314_2635402102073853055_n\" width=\"300\" height=\"95\" srcset=\"https:\/\/enteculturalsantafesino.com.ar\/usina2\/wp-content\/uploads\/2015\/02\/1959269_882771378411314_2635402102073853055_n-300x95.jpg 300w, https:\/\/enteculturalsantafesino.com.ar\/usina2\/wp-content\/uploads\/2015\/02\/1959269_882771378411314_2635402102073853055_n.jpg 960w\" sizes=\"(max-width: 300px) 100vw, 300px\" \/><\/a>Liceo Municipal \u201cJos\u00e9 Pedroni\u201d, Roc\u00edo Heinzen; como 1\u00b0 Princesa Camila Capeletto, en representaci\u00f3n de la Asociaci\u00f3n Bomberos Voluntarios de Esperanza; y como 2da. Princesa Joana Milagros Copes, por el Centro de Industria, Comercio y Afincados Esperanza. Tambi\u00e9n, fueron elegidascomo Miss Carnaval Jimena Goffi, de la Vecinal Oeste; Miss Elegancia Sharon Liz Anderson, de la Comparsa Bella Flor; Miss Simpat\u00eda Magal\u00ed Vignatti, del M.I.T.E; y Miss Modelo Gisela Bourquin, del Club de Pesca Federico Meiners.<\/p>\n<p>Fuente: Municipalidad de Esperanza<\/p>\n<\/div>\n","protected":false},"excerpt":{"rendered":"<p>Meiners recibi\u00f3 a las postulantes a Reina de la Ciudad La intendente Ana Mar\u00eda Meiners en el [&hellip;]<\/p>\n","protected":false},"author":3,"featured_media":14856,"comment_status":"closed","ping_status":"closed","sticky":false,"template":"","format":"standard","meta":{"_jetpack_memberships_contains_paid_content":false,"footnotes":"","jetpack_publicize_message":"","jetpack_publicize_feature_enabled":true,"jetpack_social_post_already_shared":true,"jetpack_social_options":{"image_generator_settings":{"template":"highway","enabled":false}}},"categories":[33],"tags":[],"jetpack_publicize_connections":[],"jetpack_featured_media_url":"https:\/\/enteculturalsantafesino.com.ar\/usina2\/wp-content\/uploads\/2015\/02\/1959269_882771378411314_2635402102073853055_n.jpg","jetpack_sharing_enabled":true,"_links":{"self":[{"href":"https:\/\/enteculturalsantafesino.com.ar\/usina2\/wp-json\/wp\/v2\/posts\/14855"}],"collection":[{"href":"https:\/\/enteculturalsantafesino.com.ar\/usina2\/wp-json\/wp\/v2\/posts"}],"about":[{"href":"https:\/\/enteculturalsantafesino.com.ar\/usina2\/wp-json\/wp\/v2\/types\/post"}],"author":[{"embeddable":true,"href":"https:\/\/enteculturalsantafesino.com.ar\/usina2\/wp-json\/wp\/v2\/users\/3"}],"replies":[{"embeddable":true,"href":"https:\/\/enteculturalsantafesino.com.ar\/usina2\/wp-json\/wp\/v2\/comments?post=14855"}],"version-history":[{"count":0,"href":"https:\/\/enteculturalsantafesino.com.ar\/usina2\/wp-json\/wp\/v2\/posts\/14855\/revisions"}],"wp:featuredmedia":[{"embeddable":true,"href":"https:\/\/enteculturalsantafesino.com.ar\/usina2\/wp-json\/wp\/v2\/media\/14856"}],"wp:attachment":[{"href":"https:\/\/enteculturalsantafesino.com.ar\/usina2\/wp-json\/wp\/v2\/media?parent=14855"}],"wp:term":[{"taxonomy":"category","embeddable":true,"href":"https:\/\/enteculturalsantafesino.com.ar\/usina2\/wp-json\/wp\/v2\/categories?post=14855"},{"taxonomy":"post_tag","embeddable":true,"href":"https:\/\/enteculturalsantafesino.com.ar\/usina2\/wp-json\/wp\/v2\/tags?post=14855"}],"curies":[{"name":"wp","href":"https:\/\/api.w.org\/{rel}","templated":true}]}}