{"id":14883,"date":"2015-02-22T19:52:28","date_gmt":"2015-02-22T19:52:28","guid":{"rendered":"http:\/\/entecultura.com.ar\/usina2\/?p=14883"},"modified":"2015-02-22T19:52:28","modified_gmt":"2015-02-22T19:52:28","slug":"gran-noche-de-carnaval-en-humboldt","status":"publish","type":"post","link":"https:\/\/enteculturalsantafesino.com.ar\/usina2\/2015\/02\/gran-noche-de-carnaval-en-humboldt\/","title":{"rendered":"Gran noche de carnaval en Humboldt"},"content":{"rendered":"<p>El s\u00e1bado 21 de febrero se realizo en Humboldt<a href=\"http:\/\/enteculturalsantafesino.com.ar\/usina2\/wp-content\/uploads\/2015\/02\/10516684_901512333221880_5704231906254025569_n.jpg\" rel=\"lightbox[14883]\"><img loading=\"lazy\" decoding=\"async\" class=\"alignright size-medium wp-image-14884\" src=\"http:\/\/enteculturalsantafesino.com.ar\/usina2\/wp-content\/uploads\/2015\/02\/10516684_901512333221880_5704231906254025569_n-225x300.jpg\" alt=\"10516684_901512333221880_5704231906254025569_n\" width=\"225\" height=\"300\" srcset=\"https:\/\/enteculturalsantafesino.com.ar\/usina2\/wp-content\/uploads\/2015\/02\/10516684_901512333221880_5704231906254025569_n-225x300.jpg 225w, https:\/\/enteculturalsantafesino.com.ar\/usina2\/wp-content\/uploads\/2015\/02\/10516684_901512333221880_5704231906254025569_n.jpg 720w\" sizes=\"(max-width: 225px) 100vw, 225px\" \/><\/a><\/p>\n<p>una noche de carnaval bailable, una invitaci\u00f3n<\/p>\n<p>de la comuna bajo la organizaci\u00f3n del \u00e1rea de<\/p>\n<p>cultura y a beneficio de distintas instituciones.<\/p>\n<p>El clima acompa\u00f1o de muy buena manera y aproximadamente tres mil personas se acercaron a la avenida 9 de julio para disfrutar de distintas comparsas ,la presentaci\u00f3n oficial de \u201cSONANDO VA\u201d murga local dirigida por Mariano Galiana que sorprendi\u00f3 gr<span class=\"text_exposed_show\">atamente por su energ\u00eda contagiosa. Las carrozas se hicieron presentes poni\u00e9ndole color y magia a la fiesta. El cierre bailable con ritmo popular a cargo de nuestro conocido NN y Mario Pereyra.<br \/>\nSin dudas hoy podemos hablar de una noche exitosa, la familia de Humboldt y de la zona \u00bfintenta recuperar los viejos carnavales? <\/span><\/p>\n<p><span class=\"text_exposed_show\"><img loading=\"lazy\" decoding=\"async\" class=\"alignright size-medium wp-image-14887\" src=\"http:\/\/enteculturalsantafesino.com.ar\/usina2\/wp-content\/uploads\/2015\/02\/11000592_901495333223580_6896065492625581079_n-300x225.jpg\" alt=\"11000592_901495333223580_6896065492625581079_n\" width=\"300\" height=\"225\" srcset=\"https:\/\/enteculturalsantafesino.com.ar\/usina2\/wp-content\/uploads\/2015\/02\/11000592_901495333223580_6896065492625581079_n-300x225.jpg 300w, https:\/\/enteculturalsantafesino.com.ar\/usina2\/wp-content\/uploads\/2015\/02\/11000592_901495333223580_6896065492625581079_n.jpg 960w\" sizes=\"(max-width: 300px) 100vw, 300px\" \/><br \/>\nEl museo local realizo el 15 de febrero una muestra fotogr\u00e1fica \u201cAquellas noches de Carnaval\u201d la gente particip\u00f3 activamente como as\u00ed tambi\u00e9n a trav\u00e9s de las redes sociales compartiendo im\u00e1genes con un valor\u00a0hist\u00f3rico y sentimental muy grande.<\/span><\/p>\n<p>&nbsp;<\/p>\n<p><span class=\"text_exposed_show\">Cabe destacar que Humboldt le ha aportado a cada una de\u00a0las fiestas de los diferentes pueblos de la regi\u00f3n (Frank, Progreso, Felicia, San Jer\u00f3nimo Norte, Constanza, Romang, Esperanza entre otras localidades)\u00a0 la bella presencia de sus representantes. En estos \u00faltimos a\u00f1os distintas j\u00f3venes del pueblo han pisado los escenarios de la zona dejando el nombre de Humboldt en lo mas alto.<br \/>\nPaula R\u00faa, Roci\u00f3 Bertone, Carolina Presser, Roci\u00f3 Schleppi, Celeste Eberhardt, Carola Bonetti, Caren Clausen, entre varias otras adolescentes se han destacado por sus logros obteniendo diversos atributos en sus presentaciones.<br \/>\nDado a esto es que desde la Comuna local se ha extendido el <img loading=\"lazy\" decoding=\"async\" class=\"alignright size-medium wp-image-14886\" src=\"http:\/\/enteculturalsantafesino.com.ar\/usina2\/wp-content\/uploads\/2015\/02\/10929078_1524214327844966_5925953166068117500_n-300x225.jpg\" alt=\"10929078_1524214327844966_5925953166068117500_n\" width=\"300\" height=\"225\" srcset=\"https:\/\/enteculturalsantafesino.com.ar\/usina2\/wp-content\/uploads\/2015\/02\/10929078_1524214327844966_5925953166068117500_n-300x225.jpg 300w, https:\/\/enteculturalsantafesino.com.ar\/usina2\/wp-content\/uploads\/2015\/02\/10929078_1524214327844966_5925953166068117500_n.jpg 960w\" sizes=\"(max-width: 300px) 100vw, 300px\" \/>agradecimiento y las respectivas felicitaciones a todas ellas por el papel desarrollado representando a Humboldt. \u00a0 <\/span><\/p>\n","protected":false},"excerpt":{"rendered":"<p>El s\u00e1bado 21 de febrero se realizo en Humboldt una noche de carnaval bailable, una invitaci\u00f3n de [&hellip;]<\/p>\n","protected":false},"author":3,"featured_media":14885,"comment_status":"closed","ping_status":"closed","sticky":false,"template":"","format":"standard","meta":{"_jetpack_memberships_contains_paid_content":false,"footnotes":"","jetpack_publicize_message":"","jetpack_publicize_feature_enabled":true,"jetpack_social_post_already_shared":true,"jetpack_social_options":{"image_generator_settings":{"template":"highway","enabled":false}}},"categories":[34],"tags":[],"jetpack_publicize_connections":[],"jetpack_featured_media_url":"https:\/\/enteculturalsantafesino.com.ar\/usina2\/wp-content\/uploads\/2015\/02\/10649740_901510413222072_193923713433874923_n.jpg","jetpack_sharing_enabled":true,"_links":{"self":[{"href":"https:\/\/enteculturalsantafesino.com.ar\/usina2\/wp-json\/wp\/v2\/posts\/14883"}],"collection":[{"href":"https:\/\/enteculturalsantafesino.com.ar\/usina2\/wp-json\/wp\/v2\/posts"}],"about":[{"href":"https:\/\/enteculturalsantafesino.com.ar\/usina2\/wp-json\/wp\/v2\/types\/post"}],"author":[{"embeddable":true,"href":"https:\/\/enteculturalsantafesino.com.ar\/usina2\/wp-json\/wp\/v2\/users\/3"}],"replies":[{"embeddable":true,"href":"https:\/\/enteculturalsantafesino.com.ar\/usina2\/wp-json\/wp\/v2\/comments?post=14883"}],"version-history":[{"count":0,"href":"https:\/\/enteculturalsantafesino.com.ar\/usina2\/wp-json\/wp\/v2\/posts\/14883\/revisions"}],"wp:featuredmedia":[{"embeddable":true,"href":"https:\/\/enteculturalsantafesino.com.ar\/usina2\/wp-json\/wp\/v2\/media\/14885"}],"wp:attachment":[{"href":"https:\/\/enteculturalsantafesino.com.ar\/usina2\/wp-json\/wp\/v2\/media?parent=14883"}],"wp:term":[{"taxonomy":"category","embeddable":true,"href":"https:\/\/enteculturalsantafesino.com.ar\/usina2\/wp-json\/wp\/v2\/categories?post=14883"},{"taxonomy":"post_tag","embeddable":true,"href":"https:\/\/enteculturalsantafesino.com.ar\/usina2\/wp-json\/wp\/v2\/tags?post=14883"}],"curies":[{"name":"wp","href":"https:\/\/api.w.org\/{rel}","templated":true}]}}