{"id":14892,"date":"2015-02-24T11:59:54","date_gmt":"2015-02-24T11:59:54","guid":{"rendered":"http:\/\/entecultura.com.ar\/usina2\/?p=14892"},"modified":"2015-02-24T11:59:54","modified_gmt":"2015-02-24T11:59:54","slug":"cine-bajo-las-estrellas-en-nuevo-torino","status":"publish","type":"post","link":"https:\/\/enteculturalsantafesino.com.ar\/usina2\/2015\/02\/cine-bajo-las-estrellas-en-nuevo-torino\/","title":{"rendered":"\u00abCine Bajo las estrellas\u00bb en Nuevo Torino"},"content":{"rendered":"<p>Para despedir las vacaciones\u00a0 invitamos le domingo 1 de marzo,\u00a0<a href=\"http:\/\/enteculturalsantafesino.com.ar\/usina2\/wp-content\/uploads\/2015\/02\/cine-en-la-plaza.jpg\" rel=\"lightbox[14892]\"><img loading=\"lazy\" decoding=\"async\" class=\"alignright size-medium wp-image-14893\" src=\"http:\/\/enteculturalsantafesino.com.ar\/usina2\/wp-content\/uploads\/2015\/02\/cine-en-la-plaza-300x197.jpg\" alt=\"cine en la plaza\" width=\"300\" height=\"197\" srcset=\"https:\/\/enteculturalsantafesino.com.ar\/usina2\/wp-content\/uploads\/2015\/02\/cine-en-la-plaza-300x197.jpg 300w, https:\/\/enteculturalsantafesino.com.ar\/usina2\/wp-content\/uploads\/2015\/02\/cine-en-la-plaza-1024x674.jpg 1024w, https:\/\/enteculturalsantafesino.com.ar\/usina2\/wp-content\/uploads\/2015\/02\/cine-en-la-plaza.jpg 1200w\" sizes=\"(max-width: 300px) 100vw, 300px\" \/><\/a><\/p>\n<p>a toda la comunidad\u00a0 de Nuevo Torino y a sus localidades vecinas a compartir una noche de cine.<\/p>\n<p>El lugar de encuentro sera en la plaza de los juegos, a partir de las 20 horas.<\/p>\n<p>A los interesados se les pide llegarse con sillones y<\/p>\n<p>muchas ganas de pasar una encantadora noche.en caso de lluvia se suspende, hasta nuevo aviso.<\/p>\n<p>Los esperamos. Entrada libre y gratuita.<\/p>\n<p><strong><em>\u00a0Sinopsis: Coraz\u00f3n de Le\u00f3n<\/em><\/strong><\/p>\n<p>Ivana Cornejo es una exitosa abogada dedicada a los litigios de familia. Desde hace tres a\u00f1os est\u00e1 divorciada de Diego Bisoni, tambi\u00e9n abogado y socio del estudio Cornejo\/Bisoni.<\/p>\n<p>Tras la p\u00e9rdida de su celular, Ivana recibe la llamada de alguien que lo encontr\u00f3, con intenciones de devolv\u00e9rselo. Es Le\u00f3n Godoy, un arquitecto de gran renombre con una personalidad arrolladora: simp\u00e1tico, galante, carism\u00e1tico&#8230; y tambi\u00e9n divorciado.<\/p>\n<p>En la charla telef\u00f3nica que mantienen se establece una empat\u00eda inquietante y ambos sienten un inmediato inter\u00e9s. Durante esa misma charla coordinan para encontrarse al d\u00eda siguiente en una confiter\u00eda y all\u00ed concretar la devoluci\u00f3n del celular. Ivana es la primera en llegar. Unos minutos m\u00e1s tarde arriba Le\u00f3n y, al verlo, Ivana queda perpleja. Le\u00f3n es todo lo que ella percibi\u00f3, pero mide 1,35m. Es el hombre perfecto, pero&#8230; demasiado bajo.<\/p>\n<p>A partir de ese encuentro, Ivana buscar\u00e1 superar esos cuarenta y cinco cent\u00edmetros que le faltan al hombre de su vida. As\u00ed se enfrentar\u00e1 a las convicciones de una sociedad implacable y a sus propios prejuicios, que exigen a los hombres el \u00e9xito econ\u00f3mico, profesional y esos ineludibles ciento ochenta cent\u00edmetros de altura.<\/p>\n","protected":false},"excerpt":{"rendered":"<p>Para despedir las vacaciones\u00a0 invitamos le domingo 1 de marzo,\u00a0 a toda la comunidad\u00a0 de Nuevo Torino [&hellip;]<\/p>\n","protected":false},"author":3,"featured_media":14893,"comment_status":"closed","ping_status":"closed","sticky":false,"template":"","format":"standard","meta":{"_jetpack_memberships_contains_paid_content":false,"footnotes":"","jetpack_publicize_message":"","jetpack_publicize_feature_enabled":true,"jetpack_social_post_already_shared":true,"jetpack_social_options":{"image_generator_settings":{"template":"highway","enabled":false}}},"categories":[41],"tags":[],"jetpack_publicize_connections":[],"jetpack_featured_media_url":"https:\/\/enteculturalsantafesino.com.ar\/usina2\/wp-content\/uploads\/2015\/02\/cine-en-la-plaza.jpg","jetpack_sharing_enabled":true,"_links":{"self":[{"href":"https:\/\/enteculturalsantafesino.com.ar\/usina2\/wp-json\/wp\/v2\/posts\/14892"}],"collection":[{"href":"https:\/\/enteculturalsantafesino.com.ar\/usina2\/wp-json\/wp\/v2\/posts"}],"about":[{"href":"https:\/\/enteculturalsantafesino.com.ar\/usina2\/wp-json\/wp\/v2\/types\/post"}],"author":[{"embeddable":true,"href":"https:\/\/enteculturalsantafesino.com.ar\/usina2\/wp-json\/wp\/v2\/users\/3"}],"replies":[{"embeddable":true,"href":"https:\/\/enteculturalsantafesino.com.ar\/usina2\/wp-json\/wp\/v2\/comments?post=14892"}],"version-history":[{"count":0,"href":"https:\/\/enteculturalsantafesino.com.ar\/usina2\/wp-json\/wp\/v2\/posts\/14892\/revisions"}],"wp:featuredmedia":[{"embeddable":true,"href":"https:\/\/enteculturalsantafesino.com.ar\/usina2\/wp-json\/wp\/v2\/media\/14893"}],"wp:attachment":[{"href":"https:\/\/enteculturalsantafesino.com.ar\/usina2\/wp-json\/wp\/v2\/media?parent=14892"}],"wp:term":[{"taxonomy":"category","embeddable":true,"href":"https:\/\/enteculturalsantafesino.com.ar\/usina2\/wp-json\/wp\/v2\/categories?post=14892"},{"taxonomy":"post_tag","embeddable":true,"href":"https:\/\/enteculturalsantafesino.com.ar\/usina2\/wp-json\/wp\/v2\/tags?post=14892"}],"curies":[{"name":"wp","href":"https:\/\/api.w.org\/{rel}","templated":true}]}}