{"id":14895,"date":"2015-02-24T20:18:02","date_gmt":"2015-02-24T20:18:02","guid":{"rendered":"http:\/\/entecultura.com.ar\/usina2\/?p=14895"},"modified":"2015-02-24T20:18:02","modified_gmt":"2015-02-24T20:18:02","slug":"esperanza-tendra-un-museo-de-la-movilidad-y-del-auto-anciano","status":"publish","type":"post","link":"https:\/\/enteculturalsantafesino.com.ar\/usina2\/2015\/02\/esperanza-tendra-un-museo-de-la-movilidad-y-del-auto-anciano\/","title":{"rendered":"Esperanza tendr\u00e1 un museo de la movilidad y del auto anciano"},"content":{"rendered":"<h1 class=\"titulo\">Entendiendo la<a href=\"http:\/\/enteculturalsantafesino.com.ar\/usina2\/wp-content\/uploads\/2015\/02\/33262-0000.jpg\" rel=\"lightbox[14895]\"><img loading=\"lazy\" decoding=\"async\" class=\"alignright size-medium wp-image-14896\" src=\"http:\/\/enteculturalsantafesino.com.ar\/usina2\/wp-content\/uploads\/2015\/02\/33262-0000-300x129.jpg\" alt=\"33262-0000\" width=\"300\" height=\"129\" srcset=\"https:\/\/enteculturalsantafesino.com.ar\/usina2\/wp-content\/uploads\/2015\/02\/33262-0000-300x129.jpg 300w, https:\/\/enteculturalsantafesino.com.ar\/usina2\/wp-content\/uploads\/2015\/02\/33262-0000.jpg 800w\" sizes=\"(max-width: 300px) 100vw, 300px\" \/><\/a>\u00a0naturaleza y trayectoria de la entidad solicitante, de notoria e importante trascendencia en el \u00e1mbito de la ciudad y la regi\u00f3n, la intendente Ana Mar\u00eda Meiners procedi\u00f3 a rubricar el respectivo Decreto mediante el cual la Municipalidad de Esperanza otorga en Comodato al Esperanza Autom\u00f3vil Club un galp\u00f3n de 20 x 10 metros ubicado en la zona sur del predio de la ex estaci\u00f3n ferroviaria local, terrenos e instalaciones que fueran cedidos oportunamente y en el mismo car\u00e1cter al Estado municipal por la Empresa Belgrano Cargas S.A.<\/h1>\n<h1 class=\"titulo\">Dicha instituci\u00f3n, con Personer\u00eda Jur\u00eddica seg\u00fan Resoluci\u00f3n de fecha 31 de agosto de 1926 del Ministerio de Gobierno, Justicia y Culto de la Provincia de Santa Fe y Personer\u00eda Deportiva N\u00b0 538\/2014, destinar\u00e1 el inmueble como \u00abMuseo de la Movilidad y del Auto Anciano\u00bb con el fin de mantener vivo para las generaciones futuras el respeto por la historia y el patrimonio local.<br \/>\nEn representaci\u00f3n del Esperanza Autom\u00f3vil Club procedieron a la firma del contrato su presidente, Lorenzo Horacio \u00c1lvarez, junto al vicepresidente, Jos\u00e9 Luis Kestler. Se encontraban presentes, adem\u00e1s, los secretarios del Departamento Ejecutivo Municipal, Dr. Luciano Anza; de Obras y Planeamiento, Arq. Oreste Blangini; de Hacienda, CPN Alfonso G\u00f3mez; de Cultura y Deportes, Prof.<br \/>\nAdriana Robledo; y de Promoci\u00f3n Social, Prof. Elsa Schnell, junto a socios y miembros de la Comisi\u00f3n Directiva de la instituci\u00f3n.<br \/>\nLa vigencia del acuerdo firmado est\u00e1 establecida en tres a\u00f1os de duraci\u00f3n, renovable autom\u00e1ticamente por per\u00edodos similares salvo expresa manifestaci\u00f3n en contrario de alguna de las partes. Sin perjuicio de lo manifestado, la Municipalidad podr\u00e1 solicitar la rescisi\u00f3n del mismo antes del plazo indicado, cuando causas de utilidad p\u00fablica requieran del uso del predio.<br \/>\nEsperanza Autom\u00f3vil Club (1926 &#8211; 2015) Esperanza Autom\u00f3vil Club es una entidad sin fines de lucro fundada en 1926 por el Sr. Enrique Bernasconi y otros colaboradores con el fin de promover el turismo, el automovilismo, la amistad y la confraternidad. Hoy, gracias a la actual generaci\u00f3n de dirigentes, ha sido recuperada para la ciudad y todos los entusiastas, mientras que a sus objetivos originales se agrega el de promover la conservaci\u00f3n y respeto del patrimonio hist\u00f3rico y cultural.<br \/>\nDesde su creaci\u00f3n el Esperanza Autom\u00f3vil Club se afilia al Autom\u00f3vil Club Argentino y por lo tanto a Federaci\u00f3n Internacional del Autom\u00f3vil, de manera que todas sus actividades se encuadraban dentro de las normas internacionales. Integraron la comisi\u00f3n fundadora del Esperanza Autom\u00f3vil Club, que como primer medida adhiri\u00f3 al Autom\u00f3vil Club Argentino y por lo tanto a la F.I.A., los destacados vecinos Arturo Pinter, Pio Jacinto Guala, Enrique O. Bernasconi (Presidente), CarlosWernly, LuisValloud, RodolfoIturraspe, LuisA. Gay, V\u00edctor Fontana, Juan Wernly, Domizio Pedrazza, Blas Chiabrera, Rodolfo Costa Rigesti, Francisco Hessel (h), Zoilo Ocampo y Walkers Depetris.<br \/>\nAs\u00ed, y desde 1926 esta instituci\u00f3n tiene personer\u00eda jur\u00eddica y comenz\u00f3 sus actividades estableciendo un circuito semi- permanente de 18,796 km.<br \/>\nque emerge como el m\u00e1s veloz de Am\u00e9rica, donde tiene lugar el Gran Premio de la Provincia de Santa Fe los cuatro a\u00f1os sucesivos. Un circuito \u00fanico en el mundo con rectas de 7 km de largo y amplias curvas peraltadas, que fue escenario de acontecimientos que marcaron hitos en el deporte automovil\u00edstico. Adem\u00e1s de las caracter\u00edsticas sobresalientes del circuito, en \u00e9l se dieron los siguientes hechos singularmente destacados: *1926: Fundaci\u00f3n del Esperanza Autom\u00f3vil Club, adhesi\u00f3n al A.C.A.<br \/>\ninauguraci\u00f3n del circuito y transmisi\u00f3n por primera vez en el pa\u00eds de una carrera de autom\u00f3viles por radio.<br \/>\n*1927: Debut de Carlos Zatuszek y de la marca Mercedes Benz en Argentina. 1928) Primera carrera en el pa\u00eds largada por grilla de partida.<br \/>\n*1929: Intervenci\u00f3n por primera vez en Argentina de un autom\u00f3vil de tracci\u00f3n delantera.<br \/>\nAl cumplirse el 4 de setiembre de 2012 los 85 a\u00f1os de la realizaci\u00f3n en 1927 de la segunda carrera en el circuito del Esperanza Autom\u00f3vil Club, la instituci\u00f3n record\u00f3 con emoci\u00f3n el debut de quien durante los pr\u00f3ximos 10 a\u00f1os ser\u00eda fulgurante estrella de este deporte, Carlos Zatuszek, un inmigrante polaco conocido como \u201cel alem\u00e1n\u201d, y el primer triunfo en ese circuito de otro grande como lo fue Domingo Bucci.<br \/>\nCon el agregado que el debutante propon\u00eda otra nueva marca a la contienda: Mercedes Benz, que sumada a Alfa Romeo y Bugatti, ven\u00edan a recuperar los laureles del viejo mundo.<br \/>\nEn la actualidad, la marca Mercedez Benz vuelve a estar en lo m\u00e1s alto del automovilismo mundial mientras en Esperanza el EAC contin\u00faa su trayectoria ocup\u00e1ndose de la conservaci\u00f3n de nuestros veh\u00edculos ancianos y de colecci\u00f3n como sugiere la Federaci\u00f3n Internacional de Veh\u00edculos Ancianos. Con distintos or\u00edgenes ambos personajes involucrados en aquella memorable carrera, Bucci y Zatuszek compart\u00edan adem\u00e1s de su entusiasmo ese oficio de mec\u00e1nicos pilotos- experimentadores que engrandeci\u00f3 el automovilismo en todo el mundo. Tambi\u00e9n el destino los uni\u00f3 al desaparecer ambos m\u00e1s adelante en distintos accidentes muy j\u00f3venes y con un gran camino por delante.<br \/>\nFuentes bibliogr\u00e1ficas A partir del trabajo original de \u00abBocha\u00bb Balboni historiasdehya@gmail.coque destaca como Fuentes Consultadas a: Enciclopedia de Oro del Automovilismo Argentino; La Fuerza Libre (G.S\u00e1nchez); Historia Deportiva del Automovilismo Argentino; y Medio Siglo de Automovilismo Argentino; y donde agrade especialmente a los Sres. Delfino Gren\u00f3n, Juan Carlos Pedroni, Andr\u00e9s Caturegli, Sra. Elsa Hessel de Benesovsky, y a la familia de Bernardo Pauli.<\/h1>\n<p>Fuente: Diario Castellanos<\/p>\n","protected":false},"excerpt":{"rendered":"<p>Entendiendo la\u00a0naturaleza y trayectoria de la entidad solicitante, de notoria e importante trascendencia en el \u00e1mbito de [&hellip;]<\/p>\n","protected":false},"author":3,"featured_media":14896,"comment_status":"closed","ping_status":"closed","sticky":false,"template":"","format":"standard","meta":{"_jetpack_memberships_contains_paid_content":false,"footnotes":"","jetpack_publicize_message":"","jetpack_publicize_feature_enabled":true,"jetpack_social_post_already_shared":true,"jetpack_social_options":{"image_generator_settings":{"template":"highway","enabled":false}}},"categories":[33],"tags":[],"jetpack_publicize_connections":[],"jetpack_featured_media_url":"https:\/\/enteculturalsantafesino.com.ar\/usina2\/wp-content\/uploads\/2015\/02\/33262-0000.jpg","jetpack_sharing_enabled":true,"_links":{"self":[{"href":"https:\/\/enteculturalsantafesino.com.ar\/usina2\/wp-json\/wp\/v2\/posts\/14895"}],"collection":[{"href":"https:\/\/enteculturalsantafesino.com.ar\/usina2\/wp-json\/wp\/v2\/posts"}],"about":[{"href":"https:\/\/enteculturalsantafesino.com.ar\/usina2\/wp-json\/wp\/v2\/types\/post"}],"author":[{"embeddable":true,"href":"https:\/\/enteculturalsantafesino.com.ar\/usina2\/wp-json\/wp\/v2\/users\/3"}],"replies":[{"embeddable":true,"href":"https:\/\/enteculturalsantafesino.com.ar\/usina2\/wp-json\/wp\/v2\/comments?post=14895"}],"version-history":[{"count":0,"href":"https:\/\/enteculturalsantafesino.com.ar\/usina2\/wp-json\/wp\/v2\/posts\/14895\/revisions"}],"wp:featuredmedia":[{"embeddable":true,"href":"https:\/\/enteculturalsantafesino.com.ar\/usina2\/wp-json\/wp\/v2\/media\/14896"}],"wp:attachment":[{"href":"https:\/\/enteculturalsantafesino.com.ar\/usina2\/wp-json\/wp\/v2\/media?parent=14895"}],"wp:term":[{"taxonomy":"category","embeddable":true,"href":"https:\/\/enteculturalsantafesino.com.ar\/usina2\/wp-json\/wp\/v2\/categories?post=14895"},{"taxonomy":"post_tag","embeddable":true,"href":"https:\/\/enteculturalsantafesino.com.ar\/usina2\/wp-json\/wp\/v2\/tags?post=14895"}],"curies":[{"name":"wp","href":"https:\/\/api.w.org\/{rel}","templated":true}]}}