{"id":9872,"date":"2013-04-18T21:29:59","date_gmt":"2013-04-18T21:29:59","guid":{"rendered":"http:\/\/entecultura.com.ar\/usina2\/?p=9872"},"modified":"2013-04-18T21:29:59","modified_gmt":"2013-04-18T21:29:59","slug":"felicia-inauguracion-de-la-tercera-edicion-del-plan-comunal-de-lectura","status":"publish","type":"post","link":"https:\/\/enteculturalsantafesino.com.ar\/usina2\/2013\/04\/felicia-inauguracion-de-la-tercera-edicion-del-plan-comunal-de-lectura\/","title":{"rendered":"Felicia: Inauguraci\u00f3n de la tercera edici\u00f3n del Plan Comunal de Lectura."},"content":{"rendered":"<p><a href=\"http:\/\/enteculturalsantafesino.com.ar\/usina2\/wp-content\/uploads\/2013\/04\/Marzo-2013-051.jpg\" rel=\"lightbox[9872]\"><img loading=\"lazy\" decoding=\"async\" class=\"size-medium wp-image-9875 alignright\" alt=\"Marzo 2013 051\" src=\"http:\/\/enteculturalsantafesino.com.ar\/usina2\/wp-content\/uploads\/2013\/04\/Marzo-2013-051-300x225.jpg\" width=\"300\" height=\"225\" \/><\/a>El plan Comunal de Lectura surgi\u00f3 antes del comienzo del Ciclo Lectivo 2011, donde la Comuna de Felicia decide convocar a todos los\u00a0 Establecimientos Educativos de la localidad a fin de armar, de manera conjunta, un Plan Comunal de Lectura.<\/p>\n<p>Se reunieron la Lic. Erika Guse, quien dirige y coordina el Plan en representaci\u00f3n de la Comuna de Felicia con los docentes del \u00e1rea Lengua y los Directivos de las Escuelas N\u00ba337, 1152, 1355, 6100, 6203 y 8128, as\u00ed como tambi\u00e9n del CER N\u00ba 338 y del Jard\u00edn N\u00ba 36. Todos los asistentes se mostraron preocupados acerca de la dificultad que mostraban ni\u00f1os y adolescentes en la adquisici\u00f3n y mantenimiento de habilidades de comprensi\u00f3n lectora, y por eso se decidi\u00f3 abordar estrategias integrales a nivel masivo, de manera que los resultados fueran m\u00e1s profundos.<\/p>\n<p>Los objetivos del Plan Comunal de Lectura son<em> recuperar los espacios de comprensi\u00f3n lectora, crear espacios de lectura familiar, contribuir a mejorar la pr\u00e1ctica de la lectoescritura y fomentar una actitud reflexiva y cr\u00edtica ante las manifestaciones que ni\u00f1os y adolescentes reciben del entorno.\u00a0<\/em><\/p>\n<p>En la segunda edici\u00f3n del Plan, llevada a cabo en el a\u00f1o 2012, se incorporaron actividades de producci\u00f3n, as\u00ed como tambi\u00e9n mayor cantidad de talleres realizados por alumnos de educaci\u00f3n secundaria, que trabajan como voluntarios dentro del Plan.<\/p>\n<p>En la tercera edici\u00f3n, recientemente inaugurada en el presente ciclo lectivo, se suma la utilizaci\u00f3n de cuadernillos especialmente dise\u00f1ados con textos para cada grado y diferentes niveles para trabajar en el plurigrado dentro de la escuela rural.<\/p>\n","protected":false},"excerpt":{"rendered":"<p>El plan Comunal de Lectura surgi\u00f3 antes del comienzo del Ciclo Lectivo 2011, donde la Comuna de [&hellip;]<\/p>\n","protected":false},"author":3,"featured_media":0,"comment_status":"closed","ping_status":"closed","sticky":false,"template":"","format":"standard","meta":{"_jetpack_memberships_contains_paid_content":false,"footnotes":"","jetpack_publicize_message":"","jetpack_publicize_feature_enabled":true,"jetpack_social_post_already_shared":false,"jetpack_social_options":{"image_generator_settings":{"template":"highway","enabled":false}}},"categories":[30],"tags":[],"jetpack_publicize_connections":[],"jetpack_featured_media_url":"","jetpack_sharing_enabled":true,"_links":{"self":[{"href":"https:\/\/enteculturalsantafesino.com.ar\/usina2\/wp-json\/wp\/v2\/posts\/9872"}],"collection":[{"href":"https:\/\/enteculturalsantafesino.com.ar\/usina2\/wp-json\/wp\/v2\/posts"}],"about":[{"href":"https:\/\/enteculturalsantafesino.com.ar\/usina2\/wp-json\/wp\/v2\/types\/post"}],"author":[{"embeddable":true,"href":"https:\/\/enteculturalsantafesino.com.ar\/usina2\/wp-json\/wp\/v2\/users\/3"}],"replies":[{"embeddable":true,"href":"https:\/\/enteculturalsantafesino.com.ar\/usina2\/wp-json\/wp\/v2\/comments?post=9872"}],"version-history":[{"count":0,"href":"https:\/\/enteculturalsantafesino.com.ar\/usina2\/wp-json\/wp\/v2\/posts\/9872\/revisions"}],"wp:attachment":[{"href":"https:\/\/enteculturalsantafesino.com.ar\/usina2\/wp-json\/wp\/v2\/media?parent=9872"}],"wp:term":[{"taxonomy":"category","embeddable":true,"href":"https:\/\/enteculturalsantafesino.com.ar\/usina2\/wp-json\/wp\/v2\/categories?post=9872"},{"taxonomy":"post_tag","embeddable":true,"href":"https:\/\/enteculturalsantafesino.com.ar\/usina2\/wp-json\/wp\/v2\/tags?post=9872"}],"curies":[{"name":"wp","href":"https:\/\/api.w.org\/{rel}","templated":true}]}}