{"id":9874,"date":"2013-04-18T21:45:04","date_gmt":"2013-04-18T21:45:04","guid":{"rendered":"http:\/\/entecultura.com.ar\/usina2\/?p=9874"},"modified":"2013-04-18T21:45:04","modified_gmt":"2013-04-18T21:45:04","slug":"humboldt-se-suma-a-la-usina-ii-del-ente-cultural","status":"publish","type":"post","link":"https:\/\/enteculturalsantafesino.com.ar\/usina2\/2013\/04\/humboldt-se-suma-a-la-usina-ii-del-ente-cultural\/","title":{"rendered":"Humboldt se suma a la Usina II del Ente Cultural"},"content":{"rendered":"<p>\u00abCon el fin de trabajar en resguardo de nuestros valores y bienes culturales.\u00bb<a href=\"http:\/\/enteculturalsantafesino.com.ar\/usina2\/wp-content\/uploads\/2013\/04\/1-SF-Humboldt.jpg\" rel=\"lightbox[9874]\"><img loading=\"lazy\" decoding=\"async\" class=\"size-full wp-image-9877 alignright\" alt=\"1-SF-Humboldt\" src=\"http:\/\/enteculturalsantafesino.com.ar\/usina2\/wp-content\/uploads\/2013\/04\/1-SF-Humboldt.jpg\" width=\"160\" height=\"229\" \/><\/a><\/p>\n<p>La <a href=\"http:\/\/www.humboldt.gob.ar\/\">Comuna de Humboldt<\/a> a trav\u00e9s de su <em><strong>Presidente Comunal Ing Adrian Bender<\/strong> <\/em>y de su <a href=\"http:\/\/www.humboldt.gob.ar\/?page_id=26\"><strong><em>Directora de Desarrollo Educativo y Cultural Nora B. Calvi San Miguel<\/em><\/strong><\/a>, confirman la adhesi\u00f3n de interaccionar culturalmente dentro del espacio originado por el Ente Cultural.<\/p>\n<p><em><strong>Humboldt:<\/strong><\/em><\/p>\n<p>Se encuentra ubicada en el Departamento Las Colonias, Provincia de Santa Fe , a 61,5 km de la capital provincial.<\/p>\n<p>Sus principales actividades econ\u00f3micas son la agricultura y la ganader\u00eda.<\/p>\n<p>La entonces colonia de Humboldt se origina por la fundaci\u00f3n de la colonia madre, Esperanza. En Esperanza la zona fue dividida en espacios de tierras a labrar, donde tambi\u00e9n vivir\u00edan las familias colonizadoras, llamadas \u201cconcesiones\u201d, donde los colonos comenzaron a trabajar la tierra y a conseguir de ella, no sin grandes sacrificios, lo que luego hizo una de las regiones m\u00e1s ricas de la provincia. Con el pasar de los a\u00f1os, las comunidades, como era de esperar, fueron creciendo, y necesitaron expandirse dentro de la misma regi\u00f3n.<\/p>\n<p>La superficie de la concesi\u00f3n (calculada para una familia de cinco integrantes) no alcanzaba para dar sustento a los hijos y a los nietos que se sumaban. Por medio de una contrataci\u00f3n gubernamental de la \u00e9poca, la agencia de inmigraci\u00f3n Beck y Herzog consigui\u00f3 hacerse cargo de la liquidaci\u00f3n de las tierras que ocupar\u00edan las familias que \u00e9sta seguir\u00eda trayendo. Esto permiti\u00f3 a los hijos de los colonos adquirir otras tierras m\u00e1s all\u00e1 de Esperanza. De esta manera es como nacen, fundamentalmente, las colonias circundantes a Esperanza, como Humboldt. En este caso particular, la compa\u00f1\u00eda liquidadora subdividi\u00f3 las tierras de lo que luego se convertir\u00eda en Humboldt, permitiendo que muchas de las familias ya \u201chijas\u201d de las arribadas a Esperanza tuvieran su nuevo hogar. De estas familias muchas eran evang\u00e9licas (protestantes). Adem\u00e1s muchas de estas familias estaban emparentadas con las de Esperanza, con lazos que a\u00fan hoy en d\u00eda se mantienen, lo que une todav\u00eda m\u00e1s a ambas localidades. Cabe aclarar, que en el caso de Humboldt, las tierras fueron adquiridas por los colonos a la Compa\u00f1ia Liquidadora Beck-Herzog, a diferencia de la llegada de los Colonos a Esperanza, los cuales recibieron las tierras a pagarlas con el fruto de sus cosechas en los posteriores a\u00f1os.<\/p>\n<p>De esta manera la colonia de Humboldt se funda en el a\u00f1o 1868, si bien ya hab\u00eda un caser\u00edo en 1867, llamado luego Humboldt Chico (Kleinhumboldt)<\/p>\n<p>&nbsp;<\/p>\n<p>&nbsp;<\/p>\n","protected":false},"excerpt":{"rendered":"<p>\u00abCon el fin de trabajar en resguardo de nuestros valores y bienes culturales.\u00bb La Comuna de Humboldt [&hellip;]<\/p>\n","protected":false},"author":3,"featured_media":9877,"comment_status":"closed","ping_status":"closed","sticky":false,"template":"","format":"standard","meta":{"_jetpack_memberships_contains_paid_content":false,"footnotes":"","jetpack_publicize_message":"","jetpack_publicize_feature_enabled":true,"jetpack_social_post_already_shared":false,"jetpack_social_options":{"image_generator_settings":{"template":"highway","enabled":false}}},"categories":[34],"tags":[],"jetpack_publicize_connections":[],"jetpack_featured_media_url":"https:\/\/enteculturalsantafesino.com.ar\/usina2\/wp-content\/uploads\/2013\/04\/1-SF-Humboldt.jpg","jetpack_sharing_enabled":true,"_links":{"self":[{"href":"https:\/\/enteculturalsantafesino.com.ar\/usina2\/wp-json\/wp\/v2\/posts\/9874"}],"collection":[{"href":"https:\/\/enteculturalsantafesino.com.ar\/usina2\/wp-json\/wp\/v2\/posts"}],"about":[{"href":"https:\/\/enteculturalsantafesino.com.ar\/usina2\/wp-json\/wp\/v2\/types\/post"}],"author":[{"embeddable":true,"href":"https:\/\/enteculturalsantafesino.com.ar\/usina2\/wp-json\/wp\/v2\/users\/3"}],"replies":[{"embeddable":true,"href":"https:\/\/enteculturalsantafesino.com.ar\/usina2\/wp-json\/wp\/v2\/comments?post=9874"}],"version-history":[{"count":0,"href":"https:\/\/enteculturalsantafesino.com.ar\/usina2\/wp-json\/wp\/v2\/posts\/9874\/revisions"}],"wp:featuredmedia":[{"embeddable":true,"href":"https:\/\/enteculturalsantafesino.com.ar\/usina2\/wp-json\/wp\/v2\/media\/9877"}],"wp:attachment":[{"href":"https:\/\/enteculturalsantafesino.com.ar\/usina2\/wp-json\/wp\/v2\/media?parent=9874"}],"wp:term":[{"taxonomy":"category","embeddable":true,"href":"https:\/\/enteculturalsantafesino.com.ar\/usina2\/wp-json\/wp\/v2\/categories?post=9874"},{"taxonomy":"post_tag","embeddable":true,"href":"https:\/\/enteculturalsantafesino.com.ar\/usina2\/wp-json\/wp\/v2\/tags?post=9874"}],"curies":[{"name":"wp","href":"https:\/\/api.w.org\/{rel}","templated":true}]}}