{"id":10122,"date":"2016-01-07T12:16:38","date_gmt":"2016-01-07T12:16:38","guid":{"rendered":"http:\/\/entecultura.com.ar\/usina3\/?p=10122"},"modified":"2016-01-07T12:16:38","modified_gmt":"2016-01-07T12:16:38","slug":"colonia-de-vacaciones-en-pueblo-munoz","status":"publish","type":"post","link":"https:\/\/enteculturalsantafesino.com.ar\/usina3\/2016\/01\/colonia-de-vacaciones-en-pueblo-munoz\/","title":{"rendered":"Colonia de Vacaciones en Pueblo Mu\u00f1oz"},"content":{"rendered":"<p>La <strong>Comuna de Pueblo Mu\u00f1oz<\/strong> informa que a partir del Jueves 7 se dar\u00e1 inicio a la <strong>\u00abColonia de Vacaciones 2016\u00bb<\/strong>.<\/p>\n<p><em>Desde\u00a0las 8:30 hs desde la Comuna se traslada a la localidad de Villa Mugueta, en las instalaciones del Club Eduardo Herts.<\/em><\/p>\n<p><strong>\u00abClases Recreativas para los m\u00e1s peque\u00f1os\u00bb<\/strong><\/p>\n<p>A partir de la semana pr\u00f3xima se dictar\u00e1n <strong>Clases Recreativas<\/strong> en la Plaza local o Play\u00f3n deportivo para los ni\u00f1os entre 3 y 5 a\u00f1os de edad, debido a que a partir de los 6 a\u00f1os en adelante asisten al natatorio, la ficha m\u00e9dica se encuentra disponible en la Comuna local y deber\u00e1n completar\u00a0\u00fanicamente la parte m\u00e9dica ( no bucodental) y no se abona inscripci\u00f3n.<\/p>\n<p>Los d\u00edas a realizarse ser\u00e1n los lunes y mi\u00e9rcoles de 18:00 a 19:00 hs.<\/p>\n","protected":false},"excerpt":{"rendered":"<p>La Comuna de Pueblo Mu\u00f1oz informa que a partir del Jueves 7 se dar\u00e1 inicio a la [&hellip;]<\/p>\n","protected":false},"author":3,"featured_media":10123,"comment_status":"open","ping_status":"open","sticky":false,"template":"","format":"standard","meta":{"_jetpack_memberships_contains_paid_content":false,"footnotes":"","jetpack_publicize_message":"","jetpack_publicize_feature_enabled":true,"jetpack_social_post_already_shared":true,"jetpack_social_options":{"image_generator_settings":{"template":"highway","enabled":false}}},"categories":[16],"tags":[],"jetpack_publicize_connections":[],"jetpack_featured_media_url":"https:\/\/enteculturalsantafesino.com.ar\/usina3\/wp-content\/uploads\/2016\/01\/12376389_446669098861592_5183706341151253644_n.jpg","jetpack_sharing_enabled":true,"_links":{"self":[{"href":"https:\/\/enteculturalsantafesino.com.ar\/usina3\/wp-json\/wp\/v2\/posts\/10122"}],"collection":[{"href":"https:\/\/enteculturalsantafesino.com.ar\/usina3\/wp-json\/wp\/v2\/posts"}],"about":[{"href":"https:\/\/enteculturalsantafesino.com.ar\/usina3\/wp-json\/wp\/v2\/types\/post"}],"author":[{"embeddable":true,"href":"https:\/\/enteculturalsantafesino.com.ar\/usina3\/wp-json\/wp\/v2\/users\/3"}],"replies":[{"embeddable":true,"href":"https:\/\/enteculturalsantafesino.com.ar\/usina3\/wp-json\/wp\/v2\/comments?post=10122"}],"version-history":[{"count":0,"href":"https:\/\/enteculturalsantafesino.com.ar\/usina3\/wp-json\/wp\/v2\/posts\/10122\/revisions"}],"wp:featuredmedia":[{"embeddable":true,"href":"https:\/\/enteculturalsantafesino.com.ar\/usina3\/wp-json\/wp\/v2\/media\/10123"}],"wp:attachment":[{"href":"https:\/\/enteculturalsantafesino.com.ar\/usina3\/wp-json\/wp\/v2\/media?parent=10122"}],"wp:term":[{"taxonomy":"category","embeddable":true,"href":"https:\/\/enteculturalsantafesino.com.ar\/usina3\/wp-json\/wp\/v2\/categories?post=10122"},{"taxonomy":"post_tag","embeddable":true,"href":"https:\/\/enteculturalsantafesino.com.ar\/usina3\/wp-json\/wp\/v2\/tags?post=10122"}],"curies":[{"name":"wp","href":"https:\/\/api.w.org\/{rel}","templated":true}]}}