{"id":10125,"date":"2016-01-08T14:04:10","date_gmt":"2016-01-08T14:04:10","guid":{"rendered":"http:\/\/entecultura.com.ar\/usina3\/?p=10125"},"modified":"2016-01-08T14:04:10","modified_gmt":"2016-01-08T14:04:10","slug":"los-reyes-magos-llegaron-a-acebal","status":"publish","type":"post","link":"https:\/\/enteculturalsantafesino.com.ar\/usina3\/2016\/01\/los-reyes-magos-llegaron-a-acebal\/","title":{"rendered":"Los Reyes Magos llegaron a Acebal"},"content":{"rendered":"<p>En la noche del <strong>martes 5 de Enero<\/strong>, en la autobomba de los Bomberos Voluntarios de<strong> Acebal<\/strong>, llegaron a la <strong>Plaza San Mart\u00edn:<\/strong> <em>Melchor, Gaspar y Baltasar&#8230;<\/em><\/p>\n<p>Manteniendo viva la ilusi\u00f3n de nuestros ni\u00f1os, con una gran concurrencia de familias, los Reyes Magos juntos al Presidente Comunal Daniel Siliano, miembros de la Comisi\u00f3n Comunal, los profes de la Colonia, el grupo de j\u00f3venes y colaboradores entregaron regalos y posaron para las fotos.<\/p>\n<p>Agradecemos muy especialmente a los Reyes Magos que cada a\u00f1o visitan nuestra localidad, al Hombre Ara\u00f1a que hizo su participaci\u00f3n especial y a los Bomberos Voluntarios por acompa\u00f1arlos!<\/p>\n","protected":false},"excerpt":{"rendered":"<p>En la noche del martes 5 de Enero, en la autobomba de los Bomberos Voluntarios de Acebal, [&hellip;]<\/p>\n","protected":false},"author":3,"featured_media":10126,"comment_status":"open","ping_status":"open","sticky":false,"template":"","format":"standard","meta":{"_jetpack_memberships_contains_paid_content":false,"footnotes":"","jetpack_publicize_message":"","jetpack_publicize_feature_enabled":true,"jetpack_social_post_already_shared":true,"jetpack_social_options":{"image_generator_settings":{"template":"highway","enabled":false}}},"categories":[14],"tags":[],"jetpack_publicize_connections":[],"jetpack_featured_media_url":"https:\/\/enteculturalsantafesino.com.ar\/usina3\/wp-content\/uploads\/2016\/01\/10411352_1666033730280993_5833823001054458516_n.jpg","jetpack_sharing_enabled":true,"_links":{"self":[{"href":"https:\/\/enteculturalsantafesino.com.ar\/usina3\/wp-json\/wp\/v2\/posts\/10125"}],"collection":[{"href":"https:\/\/enteculturalsantafesino.com.ar\/usina3\/wp-json\/wp\/v2\/posts"}],"about":[{"href":"https:\/\/enteculturalsantafesino.com.ar\/usina3\/wp-json\/wp\/v2\/types\/post"}],"author":[{"embeddable":true,"href":"https:\/\/enteculturalsantafesino.com.ar\/usina3\/wp-json\/wp\/v2\/users\/3"}],"replies":[{"embeddable":true,"href":"https:\/\/enteculturalsantafesino.com.ar\/usina3\/wp-json\/wp\/v2\/comments?post=10125"}],"version-history":[{"count":0,"href":"https:\/\/enteculturalsantafesino.com.ar\/usina3\/wp-json\/wp\/v2\/posts\/10125\/revisions"}],"wp:featuredmedia":[{"embeddable":true,"href":"https:\/\/enteculturalsantafesino.com.ar\/usina3\/wp-json\/wp\/v2\/media\/10126"}],"wp:attachment":[{"href":"https:\/\/enteculturalsantafesino.com.ar\/usina3\/wp-json\/wp\/v2\/media?parent=10125"}],"wp:term":[{"taxonomy":"category","embeddable":true,"href":"https:\/\/enteculturalsantafesino.com.ar\/usina3\/wp-json\/wp\/v2\/categories?post=10125"},{"taxonomy":"post_tag","embeddable":true,"href":"https:\/\/enteculturalsantafesino.com.ar\/usina3\/wp-json\/wp\/v2\/tags?post=10125"}],"curies":[{"name":"wp","href":"https:\/\/api.w.org\/{rel}","templated":true}]}}