{"id":10128,"date":"2016-01-11T21:54:42","date_gmt":"2016-01-11T21:54:42","guid":{"rendered":"http:\/\/entecultura.com.ar\/usina3\/?p=10128"},"modified":"2016-01-11T21:54:42","modified_gmt":"2016-01-11T21:54:42","slug":"canada-del-ucle-expone-la-muestra-historia-de-los-mundiales","status":"publish","type":"post","link":"https:\/\/enteculturalsantafesino.com.ar\/usina3\/2016\/01\/canada-del-ucle-expone-la-muestra-historia-de-los-mundiales\/","title":{"rendered":"Ca\u00f1ada del Ucle expone la Muestra \u00abHistoria de los Mundiales\u00bb"},"content":{"rendered":"\n\t\t<style type=\"text\/css\">\n\t\t\t#gallery-1 {\n\t\t\t\tmargin: auto;\n\t\t\t}\n\t\t\t#gallery-1 .gallery-item {\n\t\t\t\tfloat: left;\n\t\t\t\tmargin-top: 10px;\n\t\t\t\ttext-align: center;\n\t\t\t\twidth: 33%;\n\t\t\t}\n\t\t\t#gallery-1 img {\n\t\t\t\tborder: 2px solid #cfcfcf;\n\t\t\t}\n\t\t\t#gallery-1 .gallery-caption {\n\t\t\t\tmargin-left: 0;\n\t\t\t}\n\t\t\t\/* see gallery_shortcode() in wp-includes\/media.php *\/\n\t\t<\/style>\n\t\t<div id='gallery-1' class='gallery galleryid-10128 gallery-columns-3 gallery-size-thumbnail'><dl class='gallery-item'>\n\t\t\t<dt class='gallery-icon landscape'>\n\t\t\t\t<a href='https:\/\/enteculturalsantafesino.com.ar\/usina3\/2016\/01\/canada-del-ucle-expone-la-muestra-historia-de-los-mundiales\/12506964_1085378184835176_719104075_n\/'><img loading=\"lazy\" decoding=\"async\" width=\"150\" height=\"150\" src=\"https:\/\/enteculturalsantafesino.com.ar\/usina3\/wp-content\/uploads\/2016\/01\/12506964_1085378184835176_719104075_n-150x150.jpg\" class=\"attachment-thumbnail size-thumbnail\" alt=\"\" srcset=\"https:\/\/enteculturalsantafesino.com.ar\/usina3\/wp-content\/uploads\/2016\/01\/12506964_1085378184835176_719104075_n-150x150.jpg 150w, https:\/\/enteculturalsantafesino.com.ar\/usina3\/wp-content\/uploads\/2016\/01\/12506964_1085378184835176_719104075_n-53x53.jpg 53w\" sizes=\"(max-width: 150px) 100vw, 150px\" \/><\/a>\n\t\t\t<\/dt><\/dl><dl class='gallery-item'>\n\t\t\t<dt class='gallery-icon landscape'>\n\t\t\t\t<a href='https:\/\/enteculturalsantafesino.com.ar\/usina3\/2016\/01\/canada-del-ucle-expone-la-muestra-historia-de-los-mundiales\/12507018_1085378161501845_102825264_n\/'><img loading=\"lazy\" decoding=\"async\" width=\"150\" height=\"150\" src=\"https:\/\/enteculturalsantafesino.com.ar\/usina3\/wp-content\/uploads\/2016\/01\/12507018_1085378161501845_102825264_n-150x150.jpg\" class=\"attachment-thumbnail size-thumbnail\" alt=\"\" srcset=\"https:\/\/enteculturalsantafesino.com.ar\/usina3\/wp-content\/uploads\/2016\/01\/12507018_1085378161501845_102825264_n-150x150.jpg 150w, https:\/\/enteculturalsantafesino.com.ar\/usina3\/wp-content\/uploads\/2016\/01\/12507018_1085378161501845_102825264_n-53x53.jpg 53w\" sizes=\"(max-width: 150px) 100vw, 150px\" \/><\/a>\n\t\t\t<\/dt><\/dl><dl class='gallery-item'>\n\t\t\t<dt class='gallery-icon landscape'>\n\t\t\t\t<a href='https:\/\/enteculturalsantafesino.com.ar\/usina3\/2015\/12\/en-wheelwright-se-expone-la-muestra-historia-de-los-mundiales\/12308624_191430637866540_1186525561296270155_n\/'><img loading=\"lazy\" decoding=\"async\" width=\"150\" height=\"150\" src=\"https:\/\/enteculturalsantafesino.com.ar\/usina3\/wp-content\/uploads\/2015\/12\/12308624_191430637866540_1186525561296270155_n-150x150.jpg\" class=\"attachment-thumbnail size-thumbnail\" alt=\"\" srcset=\"https:\/\/enteculturalsantafesino.com.ar\/usina3\/wp-content\/uploads\/2015\/12\/12308624_191430637866540_1186525561296270155_n-150x150.jpg 150w, https:\/\/enteculturalsantafesino.com.ar\/usina3\/wp-content\/uploads\/2015\/12\/12308624_191430637866540_1186525561296270155_n-53x53.jpg 53w\" sizes=\"(max-width: 150px) 100vw, 150px\" \/><\/a>\n\t\t\t<\/dt><\/dl><br style=\"clear: both\" \/>\n\t\t<\/div>\n\n<p>La <strong>Secretar\u00eda de Cultura de la Comuna de Ca\u00f1ada del Ucle,<\/strong> a trav\u00e9s del <strong>Programa \u201cCompartiendo Cultura\u201d<\/strong> perteneciente al <strong>Ente Cultural Santafesino<\/strong> presenta la <strong>Muestra\u00a0\u201cHistoria de los Mundiales\u201d<\/strong><\/p>\n<p>En las instalaciones\u00a0de la Sede del\u00a0<strong>Club Carlos Dose<\/strong>\u00a0desde el <strong>7 <\/strong>hasta el<strong> 12 de enero<\/strong>.<\/p>\n<p>Las entidades educativas y los vecinos de <strong>Ca\u00f1ada del Ucle\u00a0<\/strong>se encuentran visitando\u00a0dicha exposici\u00f3n que permite recorrer\u00a0con im\u00e1genes y extractos, la historia de la participaci\u00f3n de nuestro pa\u00eds en los Campeonatos mundiales.<\/p>\n<p>La misma, llega en el marco del<strong> Programa \u201cCompartiendo Cultura\u201d<\/strong>, que posibilita que el <strong>Museo Municipal de El Tr\u00e9bol\u00a0<\/strong>difunda y promueva todas las producciones culturales y art\u00edsticas de la localidad del <em>Depto. San Mart\u00edn<\/em>.<\/p>\n<div class=\"text_exposed_show\">\n<p><strong>\u201cCompartiendo Cultura\u201d<\/strong> tiene como finalidad intercambiar Propuestas art\u00edsticas pertenecientes a las comunidades que integran dicho espacio cultural; jerarquizando y promoviendo la red social, cultural y de inclusi\u00f3n de los m\u00faltiples artistas santafesinos.<\/p>\n<\/div>\n","protected":false},"excerpt":{"rendered":"<p>La Secretar\u00eda de Cultura de la Comuna de Ca\u00f1ada del Ucle, a trav\u00e9s del Programa \u201cCompartiendo Cultura\u201d [&hellip;]<\/p>\n","protected":false},"author":3,"featured_media":10129,"comment_status":"open","ping_status":"open","sticky":false,"template":"","format":"standard","meta":{"_jetpack_memberships_contains_paid_content":false,"footnotes":"","jetpack_publicize_message":"","jetpack_publicize_feature_enabled":true,"jetpack_social_post_already_shared":true,"jetpack_social_options":{"image_generator_settings":{"template":"highway","enabled":false}}},"categories":[5],"tags":[],"jetpack_publicize_connections":[],"jetpack_featured_media_url":"https:\/\/enteculturalsantafesino.com.ar\/usina3\/wp-content\/uploads\/2016\/01\/12507018_1085378161501845_102825264_n.jpg","jetpack_sharing_enabled":true,"_links":{"self":[{"href":"https:\/\/enteculturalsantafesino.com.ar\/usina3\/wp-json\/wp\/v2\/posts\/10128"}],"collection":[{"href":"https:\/\/enteculturalsantafesino.com.ar\/usina3\/wp-json\/wp\/v2\/posts"}],"about":[{"href":"https:\/\/enteculturalsantafesino.com.ar\/usina3\/wp-json\/wp\/v2\/types\/post"}],"author":[{"embeddable":true,"href":"https:\/\/enteculturalsantafesino.com.ar\/usina3\/wp-json\/wp\/v2\/users\/3"}],"replies":[{"embeddable":true,"href":"https:\/\/enteculturalsantafesino.com.ar\/usina3\/wp-json\/wp\/v2\/comments?post=10128"}],"version-history":[{"count":0,"href":"https:\/\/enteculturalsantafesino.com.ar\/usina3\/wp-json\/wp\/v2\/posts\/10128\/revisions"}],"wp:featuredmedia":[{"embeddable":true,"href":"https:\/\/enteculturalsantafesino.com.ar\/usina3\/wp-json\/wp\/v2\/media\/10129"}],"wp:attachment":[{"href":"https:\/\/enteculturalsantafesino.com.ar\/usina3\/wp-json\/wp\/v2\/media?parent=10128"}],"wp:term":[{"taxonomy":"category","embeddable":true,"href":"https:\/\/enteculturalsantafesino.com.ar\/usina3\/wp-json\/wp\/v2\/categories?post=10128"},{"taxonomy":"post_tag","embeddable":true,"href":"https:\/\/enteculturalsantafesino.com.ar\/usina3\/wp-json\/wp\/v2\/tags?post=10128"}],"curies":[{"name":"wp","href":"https:\/\/api.w.org\/{rel}","templated":true}]}}