{"id":10132,"date":"2016-01-12T22:06:10","date_gmt":"2016-01-12T22:06:10","guid":{"rendered":"http:\/\/entecultura.com.ar\/usina3\/?p=10132"},"modified":"2016-01-12T22:06:10","modified_gmt":"2016-01-12T22:06:10","slug":"arroyo-seco-refacciones-en-el-centro-cultural-para-la-instalacion-del-cedec","status":"publish","type":"post","link":"https:\/\/enteculturalsantafesino.com.ar\/usina3\/2016\/01\/arroyo-seco-refacciones-en-el-centro-cultural-para-la-instalacion-del-cedec\/","title":{"rendered":"Arroyo Seco: Refacciones en el Centro Cultural para la instalaci\u00f3n del CeDec"},"content":{"rendered":"<p>Comenzaron los trabajos de refacciones edilicias en el<strong> Centro Cultural \u201cGuillermo Furlong\u201d<\/strong> a fin de acondicionar los salones para la futura instalaci\u00f3n del CeDec. As\u00ed lo inform\u00f3 este martes el <strong>Secretario de Cultura, Deporte y Educaci\u00f3n Franco De Crist\u00f3fano.<\/strong><\/p>\n<p>Recordemos que <a href=\"http:\/\/arroyodiario.com.ar\/noticias\/locales\/57283-llego-el-equipamiento-para-la-instalacion-del-cedec.html\">el equipamiento lleg\u00f3 casi a finales de noviembre del a\u00f1o pasado<\/a> y que consiste en una gran provisi\u00f3n de elementos tecnol\u00f3gicos, audiovisuales y digitales; sumados a otra serie de herramientas que forman parte de este denominado Centro de Desarrollo Cultural.<\/p>\n","protected":false},"excerpt":{"rendered":"<p>Comenzaron los trabajos de refacciones edilicias en el Centro Cultural \u201cGuillermo Furlong\u201d a fin de acondicionar los [&hellip;]<\/p>\n","protected":false},"author":3,"featured_media":10133,"comment_status":"open","ping_status":"open","sticky":false,"template":"","format":"standard","meta":{"_jetpack_memberships_contains_paid_content":false,"footnotes":"","jetpack_publicize_message":"","jetpack_publicize_feature_enabled":true,"jetpack_social_post_already_shared":true,"jetpack_social_options":{"image_generator_settings":{"template":"highway","enabled":false}}},"categories":[19],"tags":[],"jetpack_publicize_connections":[],"jetpack_featured_media_url":"https:\/\/enteculturalsantafesino.com.ar\/usina3\/wp-content\/uploads\/2016\/01\/12552907_1111929322153168_4629907326850962532_n.jpg","jetpack_sharing_enabled":true,"_links":{"self":[{"href":"https:\/\/enteculturalsantafesino.com.ar\/usina3\/wp-json\/wp\/v2\/posts\/10132"}],"collection":[{"href":"https:\/\/enteculturalsantafesino.com.ar\/usina3\/wp-json\/wp\/v2\/posts"}],"about":[{"href":"https:\/\/enteculturalsantafesino.com.ar\/usina3\/wp-json\/wp\/v2\/types\/post"}],"author":[{"embeddable":true,"href":"https:\/\/enteculturalsantafesino.com.ar\/usina3\/wp-json\/wp\/v2\/users\/3"}],"replies":[{"embeddable":true,"href":"https:\/\/enteculturalsantafesino.com.ar\/usina3\/wp-json\/wp\/v2\/comments?post=10132"}],"version-history":[{"count":0,"href":"https:\/\/enteculturalsantafesino.com.ar\/usina3\/wp-json\/wp\/v2\/posts\/10132\/revisions"}],"wp:featuredmedia":[{"embeddable":true,"href":"https:\/\/enteculturalsantafesino.com.ar\/usina3\/wp-json\/wp\/v2\/media\/10133"}],"wp:attachment":[{"href":"https:\/\/enteculturalsantafesino.com.ar\/usina3\/wp-json\/wp\/v2\/media?parent=10132"}],"wp:term":[{"taxonomy":"category","embeddable":true,"href":"https:\/\/enteculturalsantafesino.com.ar\/usina3\/wp-json\/wp\/v2\/categories?post=10132"},{"taxonomy":"post_tag","embeddable":true,"href":"https:\/\/enteculturalsantafesino.com.ar\/usina3\/wp-json\/wp\/v2\/tags?post=10132"}],"curies":[{"name":"wp","href":"https:\/\/api.w.org\/{rel}","templated":true}]}}