{"id":12580,"date":"2018-12-22T23:07:05","date_gmt":"2018-12-22T23:07:05","guid":{"rendered":"http:\/\/enteculturalsantafesino.com.ar\/usina3\/?p=12580"},"modified":"2018-12-22T23:08:57","modified_gmt":"2018-12-22T23:08:57","slug":"santa-teresa-y-peyrano-ya-tienen-su-antologia-de-pueblo-en-pueblo-2018","status":"publish","type":"post","link":"https:\/\/enteculturalsantafesino.com.ar\/usina3\/2018\/12\/santa-teresa-y-peyrano-ya-tienen-su-antologia-de-pueblo-en-pueblo-2018\/","title":{"rendered":"Santa Teresa y Peyrano ya tienen su Antolog\u00eda \u00abDe Pueblo en Pueblo 2018\u00bb"},"content":{"rendered":"\n<ul class=\"wp-block-gallery columns-3 is-cropped wp-block-gallery-1 is-layout-flex wp-block-gallery-is-layout-flex\"><li class=\"blocks-gallery-item\"><figure><img loading=\"lazy\" decoding=\"async\" width=\"960\" height=\"720\" src=\"http:\/\/enteculturalsantafesino.com.ar\/usina3\/wp-content\/uploads\/2018\/12\/48380637_1542507352519384_2256060197904580608_n-1.jpg\" alt=\"\" data-id=\"12581\" class=\"wp-image-12581\" srcset=\"https:\/\/enteculturalsantafesino.com.ar\/usina3\/wp-content\/uploads\/2018\/12\/48380637_1542507352519384_2256060197904580608_n-1.jpg 960w, https:\/\/enteculturalsantafesino.com.ar\/usina3\/wp-content\/uploads\/2018\/12\/48380637_1542507352519384_2256060197904580608_n-1-300x225.jpg 300w, https:\/\/enteculturalsantafesino.com.ar\/usina3\/wp-content\/uploads\/2018\/12\/48380637_1542507352519384_2256060197904580608_n-1-768x576.jpg 768w\" sizes=\"(max-width: 960px) 100vw, 960px\" \/><\/figure><\/li><li class=\"blocks-gallery-item\"><figure><img loading=\"lazy\" decoding=\"async\" width=\"960\" height=\"720\" src=\"http:\/\/enteculturalsantafesino.com.ar\/usina3\/wp-content\/uploads\/2018\/12\/48380673_347918772693695_4946273011691945984_n.jpg\" alt=\"\" data-id=\"12582\" data-link=\"http:\/\/enteculturalsantafesino.com.ar\/usina3\/?attachment_id=12582\" class=\"wp-image-12582\" srcset=\"https:\/\/enteculturalsantafesino.com.ar\/usina3\/wp-content\/uploads\/2018\/12\/48380673_347918772693695_4946273011691945984_n.jpg 960w, https:\/\/enteculturalsantafesino.com.ar\/usina3\/wp-content\/uploads\/2018\/12\/48380673_347918772693695_4946273011691945984_n-300x225.jpg 300w, https:\/\/enteculturalsantafesino.com.ar\/usina3\/wp-content\/uploads\/2018\/12\/48380673_347918772693695_4946273011691945984_n-768x576.jpg 768w\" sizes=\"(max-width: 960px) 100vw, 960px\" \/><\/figure><\/li><li class=\"blocks-gallery-item\"><figure><img loading=\"lazy\" decoding=\"async\" width=\"960\" height=\"720\" src=\"http:\/\/enteculturalsantafesino.com.ar\/usina3\/wp-content\/uploads\/2018\/12\/48389832_287541018564619_4509971022375550976_n.jpg\" alt=\"\" data-id=\"12583\" data-link=\"http:\/\/enteculturalsantafesino.com.ar\/usina3\/?attachment_id=12583\" class=\"wp-image-12583\" srcset=\"https:\/\/enteculturalsantafesino.com.ar\/usina3\/wp-content\/uploads\/2018\/12\/48389832_287541018564619_4509971022375550976_n.jpg 960w, https:\/\/enteculturalsantafesino.com.ar\/usina3\/wp-content\/uploads\/2018\/12\/48389832_287541018564619_4509971022375550976_n-300x225.jpg 300w, https:\/\/enteculturalsantafesino.com.ar\/usina3\/wp-content\/uploads\/2018\/12\/48389832_287541018564619_4509971022375550976_n-768x576.jpg 768w\" sizes=\"(max-width: 960px) 100vw, 960px\" \/><\/figure><\/li><li class=\"blocks-gallery-item\"><figure><img loading=\"lazy\" decoding=\"async\" width=\"960\" height=\"720\" src=\"http:\/\/enteculturalsantafesino.com.ar\/usina3\/wp-content\/uploads\/2018\/12\/48369836_271640863499030_8755540112797859840_n-1.jpg\" alt=\"\" data-id=\"12584\" data-link=\"http:\/\/enteculturalsantafesino.com.ar\/usina3\/?attachment_id=12584\" class=\"wp-image-12584\" srcset=\"https:\/\/enteculturalsantafesino.com.ar\/usina3\/wp-content\/uploads\/2018\/12\/48369836_271640863499030_8755540112797859840_n-1.jpg 960w, https:\/\/enteculturalsantafesino.com.ar\/usina3\/wp-content\/uploads\/2018\/12\/48369836_271640863499030_8755540112797859840_n-1-300x225.jpg 300w, https:\/\/enteculturalsantafesino.com.ar\/usina3\/wp-content\/uploads\/2018\/12\/48369836_271640863499030_8755540112797859840_n-1-768x576.jpg 768w\" sizes=\"(max-width: 960px) 100vw, 960px\" \/><\/figure><\/li><li class=\"blocks-gallery-item\"><figure><img loading=\"lazy\" decoding=\"async\" width=\"960\" height=\"720\" src=\"http:\/\/enteculturalsantafesino.com.ar\/usina3\/wp-content\/uploads\/2018\/12\/48405559_595515787546372_6132171975277150208_n.jpg\" alt=\"\" data-id=\"12585\" data-link=\"http:\/\/enteculturalsantafesino.com.ar\/usina3\/?attachment_id=12585\" class=\"wp-image-12585\" srcset=\"https:\/\/enteculturalsantafesino.com.ar\/usina3\/wp-content\/uploads\/2018\/12\/48405559_595515787546372_6132171975277150208_n.jpg 960w, https:\/\/enteculturalsantafesino.com.ar\/usina3\/wp-content\/uploads\/2018\/12\/48405559_595515787546372_6132171975277150208_n-300x225.jpg 300w, https:\/\/enteculturalsantafesino.com.ar\/usina3\/wp-content\/uploads\/2018\/12\/48405559_595515787546372_6132171975277150208_n-768x576.jpg 768w\" sizes=\"(max-width: 960px) 100vw, 960px\" \/><\/figure><\/li><\/ul>\n\n\n\n<p>El <strong>martes 18<\/strong>\nen las instalaciones de <strong>Sociedad\nItaliana<\/strong> el <strong>Presidente Comunal\nJavier Menotti<\/strong> junto al <strong>responsable del\n\u00c1rea de Cultura Prof. Daniel Gallo Cisterna<\/strong> recibieron a la <strong>Diputada Provincial Claudia Giaccone,<\/strong>\ncon motivo de hacer entrega de las <strong>Antolog\u00edas\n\u201cDe Pueblo en Pueblo 2018\u201d<\/strong> a escritores de la comunidades de Santa Teresa y\n&nbsp;Peyrano.<\/p>\n\n\n\n<p><strong>\u201cDe Pueblo en\nPueblo\u201d<\/strong> <em>se encuentra\nintegrado por 182 escritores de todos los puntos geogr\u00e1ficos santafesinos,\nquienes dejaron volar su imaginaci\u00f3n como un modo de expresar una voz plural\nque transite este suelo. Los escritores de los pueblos y ciudades forman parte\nde las VII Usinas Culturales y esta sexta edici\u00f3n fue inspirada en las obras\npl\u00e1sticas de la Galer\u00eda <strong>\u201cGuillermina\nMilocco\u201d<\/strong> perteneciente al programa <strong>\u201cForma\ny Color\u201d.<\/strong><\/em><\/p>\n\n\n\n<p>Esta nueva Antolog\u00eda ya se puede leer desde la web\noficial a trav\u00e9s del link: <a href=\"http:\/\/enteculturalsantafesino.com.ar\/depuebloenpueblo\/\">http:\/\/enteculturalsantafesino.com.ar\/depuebloenpueblo\/<\/a><\/p>\n\n\n\n<p>Los participantes de dicha propuesta literaria\nfueron:<\/p>\n\n\n\n<p><strong>Santa Teresa:<\/strong> <em>Edda Rohr de\nCatal\u00e1-&nbsp; Mar\u00eda Concepci\u00f3n Puig &#8211; &nbsp;M\u00f3nica Avenda\u00f1o \u2013 In\u00e9s Guardia.-<\/em><\/p>\n\n\n\n<p><strong>Peyrano:<\/strong> <em>Ana Pennisi\n\u2013 N\u00e9lida&nbsp; di Roma \u2013 Ana Moreno &#8211;&nbsp; Nancy Testi \u2013 Hilda Milano &#8211;&nbsp; Olga Apendino \u2013 Mabel Bernaus \u2013 Eva&nbsp; Montes-<\/em><\/p>\n","protected":false},"excerpt":{"rendered":"<p>El martes 18 en las instalaciones de Sociedad Italiana el Presidente Comunal Javier Menotti junto al responsable [&hellip;]<\/p>\n","protected":false},"author":3,"featured_media":12585,"comment_status":"open","ping_status":"open","sticky":false,"template":"","format":"standard","meta":{"_jetpack_memberships_contains_paid_content":false,"footnotes":"","jetpack_publicize_message":"","jetpack_publicize_feature_enabled":true,"jetpack_social_post_already_shared":true,"jetpack_social_options":{"image_generator_settings":{"template":"highway","enabled":false}}},"categories":[1],"tags":[],"jetpack_publicize_connections":[],"jetpack_featured_media_url":"https:\/\/enteculturalsantafesino.com.ar\/usina3\/wp-content\/uploads\/2018\/12\/48405559_595515787546372_6132171975277150208_n.jpg","jetpack_sharing_enabled":true,"_links":{"self":[{"href":"https:\/\/enteculturalsantafesino.com.ar\/usina3\/wp-json\/wp\/v2\/posts\/12580"}],"collection":[{"href":"https:\/\/enteculturalsantafesino.com.ar\/usina3\/wp-json\/wp\/v2\/posts"}],"about":[{"href":"https:\/\/enteculturalsantafesino.com.ar\/usina3\/wp-json\/wp\/v2\/types\/post"}],"author":[{"embeddable":true,"href":"https:\/\/enteculturalsantafesino.com.ar\/usina3\/wp-json\/wp\/v2\/users\/3"}],"replies":[{"embeddable":true,"href":"https:\/\/enteculturalsantafesino.com.ar\/usina3\/wp-json\/wp\/v2\/comments?post=12580"}],"version-history":[{"count":1,"href":"https:\/\/enteculturalsantafesino.com.ar\/usina3\/wp-json\/wp\/v2\/posts\/12580\/revisions"}],"predecessor-version":[{"id":12586,"href":"https:\/\/enteculturalsantafesino.com.ar\/usina3\/wp-json\/wp\/v2\/posts\/12580\/revisions\/12586"}],"wp:featuredmedia":[{"embeddable":true,"href":"https:\/\/enteculturalsantafesino.com.ar\/usina3\/wp-json\/wp\/v2\/media\/12585"}],"wp:attachment":[{"href":"https:\/\/enteculturalsantafesino.com.ar\/usina3\/wp-json\/wp\/v2\/media?parent=12580"}],"wp:term":[{"taxonomy":"category","embeddable":true,"href":"https:\/\/enteculturalsantafesino.com.ar\/usina3\/wp-json\/wp\/v2\/categories?post=12580"},{"taxonomy":"post_tag","embeddable":true,"href":"https:\/\/enteculturalsantafesino.com.ar\/usina3\/wp-json\/wp\/v2\/tags?post=12580"}],"curies":[{"name":"wp","href":"https:\/\/api.w.org\/{rel}","templated":true}]}}