{"id":12669,"date":"2019-05-27T09:58:11","date_gmt":"2019-05-27T09:58:11","guid":{"rendered":"http:\/\/enteculturalsantafesino.com.ar\/usina3\/?p=12669"},"modified":"2019-05-27T09:58:18","modified_gmt":"2019-05-27T09:58:18","slug":"acebal-recibe-al-coro-polifonico-nacional-de-ciegos","status":"publish","type":"post","link":"https:\/\/enteculturalsantafesino.com.ar\/usina3\/2019\/05\/acebal-recibe-al-coro-polifonico-nacional-de-ciegos\/","title":{"rendered":"Acebal recibe al Coro Polif\u00f3nico Nacional de Ciegos"},"content":{"rendered":"\n<p>A trav\u00e9s de las gestiones llevadas a cabo\u00a0ante la\u00a0<strong>Secretaria de Cultura de la\u00a0Naci\u00f3n<\/strong>\u00a0por el\u00a0<strong>Ente Cultural Santafesino<\/strong>\u00a0y la\u00a0<strong>Diputada\u00a0Provincial\u00a0Claudia Giaccone,<\/strong>\u00a0\u00a0el prestigioso elenco nacional llega a la comunidad de <strong>Acebal<\/strong> el pr\u00f3ximo <strong>s\u00e1bado 1 de junio<\/strong>.<\/p>\n\n\n\n<p>Con el fin de compartir y seguir potenciando el esp\u00edritu cooperativo y federal del\u00a0<strong>Ente Cultural Santafesino<\/strong>, el\u00a0<strong>Coro Nacional Polif\u00f3nico \u00a0de Ciegos \u00abCarlos Larrimbe\u00bb\u00a0<\/strong>llevar\u00e1 a cabo una gira desde el<strong>\u00a0viernes 31 de mayo\u00a0<\/strong>hasta el<strong>\u00a02 de junio\u00a0<\/strong>en las localidades de: G\u00e1lvez, Acebal y Arroyo Seco.<\/p>\n\n\n\n<p><strong><em>Dicho acontecimiento cuenta con el auspicio y organizaci\u00f3n de la Comuna local y se presentar\u00e1 desde las 21 hs en las instalaciones de la EESO N\u00b0 412<\/em><\/strong><\/p>\n\n\n\n<p>El&nbsp;<strong>Coro Polif\u00f3nico Nacional de Ciegos \u00abCarlos Roberto Larrimbe\u00bb<\/strong>&nbsp;es un organismo perteneciente a la&nbsp;<strong>Secretaria<\/strong>&nbsp;<strong>de Cultura de la Naci\u00f3n<\/strong>&nbsp;y tiene su centro de actividades en la Ciudad de Buenos Aires.<\/p>\n\n\n\n<p>Como su nombre lo indica, es una instituci\u00f3n conformada en su totalidad por personas totalmente ciegas o con un nivel avanzado de disminuci\u00f3n visual, que encuentran en esta actividad un medio estable de vida.<\/p>\n\n\n\n<p>Para ingresar al Coro es imprescindible tener conocimientos musicales, un m\u00ednimo de t\u00e9cnica vocal y buen manejo de la escritura y de la musicograf\u00eda Braille. El ingreso se efect\u00faa a trav\u00e9s de concursos que se realizan cuando hay necesidad de cobertura de vacantes.<\/p>\n\n\n\n<p>La modalidad de trabajo no difiere mucho de la de cualquier otro coro. Se ensaya todos los d\u00edas, con sesiones de t\u00e9cnica vocal, ensayos parciales por cuerdas, y ensayos grupales.<\/p>\n\n\n\n<p>La \u00fanica diferencia est\u00e1 dada en que los coreutas que integran el Coro trabajan con partituras escritas en notaci\u00f3n Braille, para lo cual el Coro cuenta con un cuerpo de copistas. En la actualidad el Coro est\u00e1 conformado por el director, la preparadora vocal, cuatro jefes de cuerda, 51 coreutas, 16 copistas, un dictante, una secretaria t\u00e9cnica y dos auxiliares administrativos.<\/p>\n\n\n\n<p>En 1942, Carlos Roberto Larrimbe ingres\u00f3 como profesor de m\u00fasica en la Escuela para Ciegos Adultos General San Mart\u00edn y se propuso la formaci\u00f3n de un coro de la Instituci\u00f3n, alcanzando un nivel tal que super\u00f3 lo habitualmente esperado de un coro escolar. Esto le permiti\u00f3 abordar la preparaci\u00f3n de obras de envergadura tales como las Cantigas X y XIV y las Secuencias de resurrecci\u00f3n de Eslava.<\/p>\n\n\n\n<p>Vislumbr\u00f3 la posibilidad de transformar ese grupo coral en un conjunto profesional que, a la vez de representar un canal id\u00f3neo de expresi\u00f3n art\u00edstica, constituyera una fuente laboral para los ciegos que eligieran la m\u00fasica como medio de vida. Con el auspicio de destacadas personalidades de la \u00e9poca como Mar\u00eda Adela Ayarragaray de Pereda, Roberto Beltr\u00e1n Nu\u00f1ez y Juan Carlos Alvarez, Larrimbe cre\u00f3 en 1947 el Coro Polif\u00f3nico de Ciegos que hoy lleva su nombre, contando desde sus comienzos con la inestimable colaboraci\u00f3n de Ladislao Scotti.<\/p>\n\n\n\n<p>En sus comienzos, el Coro dependi\u00f3 administrativamente de la Secretar\u00eda de Trabajo y Previsi\u00f3n, junto con los dem\u00e1s organismos que integraban el Patronato Nacional de Ciegos. En 1943 pas\u00f3 a depender del Ministerio de Educaci\u00f3n hasta 1954, cuando es trasladado a la Secretar\u00eda de Asistencia Social del Ministerio de Salud P\u00fablica. En 1961, como consecuencia de gestiones que se ven\u00edan llevando a cabo desde 1958, el Coro pas\u00f3 a depender del Departamento de Sanidad Escolar del Ministerio de Educaci\u00f3n, donde permaneci\u00f3 largo tiempo.<\/p>\n\n\n\n<p>Actualmente depende del Ministerio de Cultura de la Naci\u00f3n. El Coro realiz\u00f3 su primera presentaci\u00f3n ante el p\u00fablico en la Iglesia del Salvador para la Semana Santa de ese mismo a\u00f1o, ocasi\u00f3n en la que interpret\u00f3 obras como la Messe in Ascendo a cinco voces de Palestrina, Christus Factus de Amerio, Popule Meus de Medina y las Siete Palabras de Larrimbe.<\/p>\n\n\n\n<p>El Coro Polif\u00f3nico de Ciegos desarrolla desde entonces una proficua actividad que incluye presentaciones en las m\u00e1s importantes salas de la ciudad de Buenos Aires, transmisiones por los canales 7,9,11 y 13 de Buenos Aires, 9 de Comodoro Rivadavia, 9 de Trenque Lauquen, 9 de R\u00edo Gallegos, y 6 de Punta Arenas (Chile) y transmisiones radiales por numerosas radios del pa\u00eds. Recorri\u00f3 todo el territorio nacional y visit\u00f3 Chile, Bolivia y Paraguay.<\/p>\n\n\n\n<p>Desde 1971 solemniza las celebraciones lit\u00fargicas oficiales de la Catedral de Buenos Aires, a las que asiste el Presidente de la Naci\u00f3n, el cuerpo diplom\u00e1tico e invitados especiales. Cant\u00f3 las misas celebradas en nuestro pa\u00eds por el Papa Juan Pablo II en 1982 y 1987. Interpret\u00f3 importantes obras del repertorio universal, entre otras: el Requiem de Wolfgang Amadeus Mozart, el Requiem de Gabriel Faur\u00e9, el Gloria y el Magnificat de Antonio Vivaldi, el Magnificat y el motete Jesu meine freude de Johan Sebastian Bach, en remarcables actuaciones junto a la Orquesta Sinf\u00f3nica Nacional o con acompa\u00f1amiento de \u00f3rgano. Actualmente est\u00e1 preparando para sus pr\u00f3ximas actuaciones la Misa Coronaci\u00f3n de Mozart.<\/p>\n\n\n\n<p>Por su meritoria tarea, ha sido distinguido en reiteradas ocasiones con los siguientes premios:<\/p>\n\n\n\n<p>\u2013 C\u00edrculo de Cr\u00edticos Musicales: menci\u00f3n extraordinaria (1956)<\/p>\n\n\n\n<p>\u2013 Consejo Brit\u00e1nico y C\u00edeculo Musical \u00abSanta Cecilia\u00bb: premio Est\u00edmulo (1958).<\/p>\n\n\n\n<p>\u2013 Fundaci\u00f3n \u00abPROSA\u00bb: galard\u00f3n reconocimiento a la labor art\u00edstica (1990).<\/p>\n\n\n\n<p>\u2013 Rotary Club: premio \u00abSol de Plata\u00bb a la trayectoria.<br>Dirigieron el Coro Polif\u00f3nico de Ciegos los maestros Carlos Roberto Larrimbe, Ladislao Scotti y Jos\u00e9 Cicero. Se desempe\u00f1aron como subdirectores los maestros Norberto Grosso, Fernando Ter\u00e1n y Osvaldo Cesar Manzanelli, quien actualmente es su director.<\/p>\n","protected":false},"excerpt":{"rendered":"<p>A trav\u00e9s de las gestiones llevadas a cabo\u00a0ante la\u00a0Secretaria de Cultura de la\u00a0Naci\u00f3n\u00a0por el\u00a0Ente Cultural Santafesino\u00a0y la\u00a0Diputada\u00a0Provincial\u00a0Claudia [&hellip;]<\/p>\n","protected":false},"author":3,"featured_media":12670,"comment_status":"open","ping_status":"open","sticky":false,"template":"","format":"standard","meta":{"_jetpack_memberships_contains_paid_content":false,"footnotes":"","jetpack_publicize_message":"","jetpack_publicize_feature_enabled":true,"jetpack_social_post_already_shared":true,"jetpack_social_options":{"image_generator_settings":{"template":"highway","enabled":false}}},"categories":[14,4],"tags":[],"jetpack_publicize_connections":[],"jetpack_featured_media_url":"https:\/\/enteculturalsantafesino.com.ar\/usina3\/wp-content\/uploads\/2019\/05\/61118160_659802667777129_2054902754601598976_n.jpg","jetpack_sharing_enabled":true,"_links":{"self":[{"href":"https:\/\/enteculturalsantafesino.com.ar\/usina3\/wp-json\/wp\/v2\/posts\/12669"}],"collection":[{"href":"https:\/\/enteculturalsantafesino.com.ar\/usina3\/wp-json\/wp\/v2\/posts"}],"about":[{"href":"https:\/\/enteculturalsantafesino.com.ar\/usina3\/wp-json\/wp\/v2\/types\/post"}],"author":[{"embeddable":true,"href":"https:\/\/enteculturalsantafesino.com.ar\/usina3\/wp-json\/wp\/v2\/users\/3"}],"replies":[{"embeddable":true,"href":"https:\/\/enteculturalsantafesino.com.ar\/usina3\/wp-json\/wp\/v2\/comments?post=12669"}],"version-history":[{"count":1,"href":"https:\/\/enteculturalsantafesino.com.ar\/usina3\/wp-json\/wp\/v2\/posts\/12669\/revisions"}],"predecessor-version":[{"id":12672,"href":"https:\/\/enteculturalsantafesino.com.ar\/usina3\/wp-json\/wp\/v2\/posts\/12669\/revisions\/12672"}],"wp:featuredmedia":[{"embeddable":true,"href":"https:\/\/enteculturalsantafesino.com.ar\/usina3\/wp-json\/wp\/v2\/media\/12670"}],"wp:attachment":[{"href":"https:\/\/enteculturalsantafesino.com.ar\/usina3\/wp-json\/wp\/v2\/media?parent=12669"}],"wp:term":[{"taxonomy":"category","embeddable":true,"href":"https:\/\/enteculturalsantafesino.com.ar\/usina3\/wp-json\/wp\/v2\/categories?post=12669"},{"taxonomy":"post_tag","embeddable":true,"href":"https:\/\/enteculturalsantafesino.com.ar\/usina3\/wp-json\/wp\/v2\/tags?post=12669"}],"curies":[{"name":"wp","href":"https:\/\/api.w.org\/{rel}","templated":true}]}}