{"id":12820,"date":"2019-08-23T13:24:30","date_gmt":"2019-08-23T13:24:30","guid":{"rendered":"http:\/\/enteculturalsantafesino.com.ar\/usina3\/?p=12820"},"modified":"2019-08-23T13:29:26","modified_gmt":"2019-08-23T13:29:26","slug":"inicio-el-proceso-de-limpieza-y-preparacion-de-los-restos-fosiles-de-la-macrauchenia-en-el-museo-municipal","status":"publish","type":"post","link":"https:\/\/enteculturalsantafesino.com.ar\/usina3\/2019\/08\/inicio-el-proceso-de-limpieza-y-preparacion-de-los-restos-fosiles-de-la-macrauchenia-en-el-museo-municipal\/","title":{"rendered":"Arroyo Seco: Inicio el proceso de limpieza y preparaci\u00f3n de los restos f\u00f3siles de la Macrauchenia."},"content":{"rendered":"\n<p>Siguiendo con lo logrado por la actual gesti\u00f3n encabezada por el Intendente Nizar Esper, poniendo nuevamente en marcha un lugar emblem\u00e1tico e hist\u00f3rico como el Museo Municipal; durante la semana pasada comenz\u00f3 el proceso de limpieza y preparaci\u00f3n de los restos f\u00f3siles de la \u201cMacrauchenia Patachonica\u201d hallada en la barranca del Arroyo Seco. Dicha tarea, est\u00e1 a cargo del Paleont\u00f3logo Facundo Iacona del Museo de La Plata, asignado por la Sub-Direcci\u00f3n de Patrimonio Cultural de la Provincia de Santa Fe, con la asistencia de personal de nuestro Museo.<\/p>\n\n\n\n<p>En cuanto a las acciones, primeramente se removi\u00f3 parte del yeso que cubre los \u201cbochones\u201d que contienen los restos, con el objetivo de extraer algunas piezas y comenzar a descubrir y fijar otras. En tanto, en las pr\u00f3ximas etapas de trabajo, se prev\u00e9 contar con la participaci\u00f3n de la comunidad, con previa asignaci\u00f3n de turnos.<\/p>\n\n\n\n<p>A su vez, el Museo Municipal viene desarrollando actividades que conciernen a la historia de nuestra localidad, abriendo sus puertas a los vecinos. Tal es el caso del pasado domingo acompa\u00f1ando la celebraci\u00f3n del 3\u00b0 Concurso de Asado a la Estaca y del D\u00eda del Ni\u00f1o; en donde los vecinos y vecinas pudieron apreciar los recientes avances en la preparaci\u00f3n del f\u00f3sil de la Macrauchenia, como as\u00ed tambi\u00e9n de la documentaci\u00f3n, fotograf\u00edas, elementos ferroviarios y otros objetos que conforman nuestro acervo patrimonial, y que con finalidad did\u00e1ctica y recreativa, continuar\u00e1n en exposici\u00f3n. Consecuentemente, durante esta jornada se proyect\u00f3 el documental sobre paleontolog\u00eda \u201cCaminando sobre Gliptodontes y Tigres Dientes de Sable\u201d, ganador del Primer Concurso de Producci\u00f3n de Contenidos Audiovisuales, organizado por la Universidad Nacional de la Plata, en el cual participaron el Lic. Facundo Iacona, encargado de la preparaci\u00f3n del f\u00f3sil, y el Sub-Director de Patrimonio Cultural de la Provincia de Santa Fe, Luciano Rey, entre otros.<\/p>\n","protected":false},"excerpt":{"rendered":"<p>Siguiendo con lo logrado por la actual gesti\u00f3n encabezada por el Intendente Nizar Esper, poniendo nuevamente en [&hellip;]<\/p>\n","protected":false},"author":3,"featured_media":12821,"comment_status":"open","ping_status":"open","sticky":false,"template":"","format":"standard","meta":{"_jetpack_memberships_contains_paid_content":false,"footnotes":"","jetpack_publicize_message":"","jetpack_publicize_feature_enabled":true,"jetpack_social_post_already_shared":true,"jetpack_social_options":{"image_generator_settings":{"template":"highway","enabled":false}}},"categories":[19],"tags":[],"jetpack_publicize_connections":[],"jetpack_featured_media_url":"https:\/\/enteculturalsantafesino.com.ar\/usina3\/wp-content\/uploads\/2019\/08\/68592302_2395985007105302_6130826903189192704_n.jpg","jetpack_sharing_enabled":true,"_links":{"self":[{"href":"https:\/\/enteculturalsantafesino.com.ar\/usina3\/wp-json\/wp\/v2\/posts\/12820"}],"collection":[{"href":"https:\/\/enteculturalsantafesino.com.ar\/usina3\/wp-json\/wp\/v2\/posts"}],"about":[{"href":"https:\/\/enteculturalsantafesino.com.ar\/usina3\/wp-json\/wp\/v2\/types\/post"}],"author":[{"embeddable":true,"href":"https:\/\/enteculturalsantafesino.com.ar\/usina3\/wp-json\/wp\/v2\/users\/3"}],"replies":[{"embeddable":true,"href":"https:\/\/enteculturalsantafesino.com.ar\/usina3\/wp-json\/wp\/v2\/comments?post=12820"}],"version-history":[{"count":2,"href":"https:\/\/enteculturalsantafesino.com.ar\/usina3\/wp-json\/wp\/v2\/posts\/12820\/revisions"}],"predecessor-version":[{"id":12823,"href":"https:\/\/enteculturalsantafesino.com.ar\/usina3\/wp-json\/wp\/v2\/posts\/12820\/revisions\/12823"}],"wp:featuredmedia":[{"embeddable":true,"href":"https:\/\/enteculturalsantafesino.com.ar\/usina3\/wp-json\/wp\/v2\/media\/12821"}],"wp:attachment":[{"href":"https:\/\/enteculturalsantafesino.com.ar\/usina3\/wp-json\/wp\/v2\/media?parent=12820"}],"wp:term":[{"taxonomy":"category","embeddable":true,"href":"https:\/\/enteculturalsantafesino.com.ar\/usina3\/wp-json\/wp\/v2\/categories?post=12820"},{"taxonomy":"post_tag","embeddable":true,"href":"https:\/\/enteculturalsantafesino.com.ar\/usina3\/wp-json\/wp\/v2\/tags?post=12820"}],"curies":[{"name":"wp","href":"https:\/\/api.w.org\/{rel}","templated":true}]}}