{"id":13,"date":"2013-03-12T11:51:20","date_gmt":"2013-03-12T11:51:20","guid":{"rendered":"http:\/\/entecultura.com.ar\/usina3\/?p=13"},"modified":"2013-03-12T11:51:20","modified_gmt":"2013-03-12T11:51:20","slug":"santa-isabel-abierta-las-inscripciones-a-talleres-culturales","status":"publish","type":"post","link":"https:\/\/enteculturalsantafesino.com.ar\/usina3\/2013\/03\/santa-isabel-abierta-las-inscripciones-a-talleres-culturales\/","title":{"rendered":"SANTA ISABEL: ABIERTA LAS INSCRIPCIONES A TALLERES CULTURALES"},"content":{"rendered":"<p>El \u00c1rea de Cultura de la Comuna de Santa Isabel informa que est\u00e1 abierta la inscripci\u00f3n\u00a0 <a href=\"http:\/\/enteculturalsantafesino.com.ar\/usina3\/wp-content\/uploads\/2013\/03\/SANTA-ISABEL.png\" rel=\"lightbox[13]\"><img loading=\"lazy\" decoding=\"async\" class=\"size-full wp-image-14 alignright\" alt=\"SANTA ISABEL\" src=\"http:\/\/enteculturalsantafesino.com.ar\/usina3\/wp-content\/uploads\/2013\/03\/SANTA-ISABEL.png\" width=\"201\" height=\"250\" \/><\/a><\/p>\n<p>para los Talleres Comunales existentes hasta el final del a\u00f1o pasado: Piano, Fotograf\u00eda, Tango, Guitarra, Cer\u00e1mica, Coro, Porcelana en fr\u00edo.<\/p>\n<p>Tambi\u00e9n ser\u00e1n tenidas en cuenta nuevas sugerencias que aporten los interesados.<\/p>\n<p>Las inscripciones y sugerencias se reciben en Mesa de entradas de la Comuna en horario de 07:00 a 13:00 en d\u00edas h\u00e1biles.<\/p>\n<p>Cierre: 22 de marzo.<\/p>\n<p>Comienzo de los Talleres: 3 de abril.<\/p>\n","protected":false},"excerpt":{"rendered":"<p>El \u00c1rea de Cultura de la Comuna de Santa Isabel informa que est\u00e1 abierta la inscripci\u00f3n\u00a0 para [&hellip;]<\/p>\n","protected":false},"author":3,"featured_media":15,"comment_status":"open","ping_status":"open","sticky":false,"template":"","format":"standard","meta":{"_jetpack_memberships_contains_paid_content":false,"footnotes":"","jetpack_publicize_message":"","jetpack_publicize_feature_enabled":true,"jetpack_social_post_already_shared":false,"jetpack_social_options":{"image_generator_settings":{"template":"highway","enabled":false}}},"categories":[1],"tags":[],"jetpack_publicize_connections":[],"jetpack_featured_media_url":"https:\/\/enteculturalsantafesino.com.ar\/usina3\/wp-content\/uploads\/2013\/03\/CURSOS-Y-TALLERES.png","jetpack_sharing_enabled":true,"_links":{"self":[{"href":"https:\/\/enteculturalsantafesino.com.ar\/usina3\/wp-json\/wp\/v2\/posts\/13"}],"collection":[{"href":"https:\/\/enteculturalsantafesino.com.ar\/usina3\/wp-json\/wp\/v2\/posts"}],"about":[{"href":"https:\/\/enteculturalsantafesino.com.ar\/usina3\/wp-json\/wp\/v2\/types\/post"}],"author":[{"embeddable":true,"href":"https:\/\/enteculturalsantafesino.com.ar\/usina3\/wp-json\/wp\/v2\/users\/3"}],"replies":[{"embeddable":true,"href":"https:\/\/enteculturalsantafesino.com.ar\/usina3\/wp-json\/wp\/v2\/comments?post=13"}],"version-history":[{"count":0,"href":"https:\/\/enteculturalsantafesino.com.ar\/usina3\/wp-json\/wp\/v2\/posts\/13\/revisions"}],"wp:featuredmedia":[{"embeddable":true,"href":"https:\/\/enteculturalsantafesino.com.ar\/usina3\/wp-json\/wp\/v2\/media\/15"}],"wp:attachment":[{"href":"https:\/\/enteculturalsantafesino.com.ar\/usina3\/wp-json\/wp\/v2\/media?parent=13"}],"wp:term":[{"taxonomy":"category","embeddable":true,"href":"https:\/\/enteculturalsantafesino.com.ar\/usina3\/wp-json\/wp\/v2\/categories?post=13"},{"taxonomy":"post_tag","embeddable":true,"href":"https:\/\/enteculturalsantafesino.com.ar\/usina3\/wp-json\/wp\/v2\/tags?post=13"}],"curies":[{"name":"wp","href":"https:\/\/api.w.org\/{rel}","templated":true}]}}