{"id":13331,"date":"2020-08-10T05:02:14","date_gmt":"2020-08-10T05:02:14","guid":{"rendered":"http:\/\/enteculturalsantafesino.com.ar\/usina3\/?p=13331"},"modified":"2020-08-10T05:02:18","modified_gmt":"2020-08-10T05:02:18","slug":"rufino-primer-recital-mas-cultura-x-vos","status":"publish","type":"post","link":"https:\/\/enteculturalsantafesino.com.ar\/usina3\/2020\/08\/rufino-primer-recital-mas-cultura-x-vos\/","title":{"rendered":"Rufino: Primer recital \u00abM\u00e1s Cultura x Vos\u00bb"},"content":{"rendered":"\n<p>El pasado s\u00e1bado se desarroll\u00f3 el primer recital v\u00eda streaming organizado por la Direcci\u00f3n de Cultura y Comunicaci\u00f3n de la Municipalidad de Rufino. En el Sal\u00f3n de Usos M\u00faltiples del Centro Cultural, la banda local Desprolijos, brind\u00f3 un show de una hora y media que cientos de personas pudieron disfrutar a trav\u00e9s de internet.<\/p>\n\n\n\n<p>Recordamos que este ciclo se emitir\u00e1 los d\u00edas s\u00e1bado y tendr\u00e1 a una banda protagonista por programa. En el mismo, se apuesta a la interacci\u00f3n del p\u00fablico con los m\u00fasicos, en el que adem\u00e1s se conocer\u00e1 la trayectoria de la banda, historias y proyectos, entre otras cosas.<\/p>\n\n\n\n<p>La trasmisi\u00f3n que est\u00e1 bajo la conducci\u00f3n de Claudia Mu\u00f1oz y te invitamos a darle \u201cMe gusta\u201d al Facebook \u201cCentro Cultural Rufino\u201d y seguir a los artistas locales cada semana.<\/p>\n","protected":false},"excerpt":{"rendered":"<p>El pasado s\u00e1bado se desarroll\u00f3 el primer recital v\u00eda streaming organizado por la Direcci\u00f3n de Cultura y [&hellip;]<\/p>\n","protected":false},"author":3,"featured_media":13332,"comment_status":"open","ping_status":"open","sticky":false,"template":"","format":"standard","meta":{"_jetpack_memberships_contains_paid_content":false,"footnotes":"","jetpack_publicize_message":"","jetpack_publicize_feature_enabled":true,"jetpack_social_post_already_shared":true,"jetpack_social_options":{"image_generator_settings":{"template":"highway","enabled":false}}},"categories":[37],"tags":[],"jetpack_publicize_connections":[],"jetpack_featured_media_url":"https:\/\/enteculturalsantafesino.com.ar\/usina3\/wp-content\/uploads\/2020\/08\/117595649_160319959010294_3640365851451793643_o.jpg","jetpack_sharing_enabled":true,"_links":{"self":[{"href":"https:\/\/enteculturalsantafesino.com.ar\/usina3\/wp-json\/wp\/v2\/posts\/13331"}],"collection":[{"href":"https:\/\/enteculturalsantafesino.com.ar\/usina3\/wp-json\/wp\/v2\/posts"}],"about":[{"href":"https:\/\/enteculturalsantafesino.com.ar\/usina3\/wp-json\/wp\/v2\/types\/post"}],"author":[{"embeddable":true,"href":"https:\/\/enteculturalsantafesino.com.ar\/usina3\/wp-json\/wp\/v2\/users\/3"}],"replies":[{"embeddable":true,"href":"https:\/\/enteculturalsantafesino.com.ar\/usina3\/wp-json\/wp\/v2\/comments?post=13331"}],"version-history":[{"count":1,"href":"https:\/\/enteculturalsantafesino.com.ar\/usina3\/wp-json\/wp\/v2\/posts\/13331\/revisions"}],"predecessor-version":[{"id":13333,"href":"https:\/\/enteculturalsantafesino.com.ar\/usina3\/wp-json\/wp\/v2\/posts\/13331\/revisions\/13333"}],"wp:featuredmedia":[{"embeddable":true,"href":"https:\/\/enteculturalsantafesino.com.ar\/usina3\/wp-json\/wp\/v2\/media\/13332"}],"wp:attachment":[{"href":"https:\/\/enteculturalsantafesino.com.ar\/usina3\/wp-json\/wp\/v2\/media?parent=13331"}],"wp:term":[{"taxonomy":"category","embeddable":true,"href":"https:\/\/enteculturalsantafesino.com.ar\/usina3\/wp-json\/wp\/v2\/categories?post=13331"},{"taxonomy":"post_tag","embeddable":true,"href":"https:\/\/enteculturalsantafesino.com.ar\/usina3\/wp-json\/wp\/v2\/tags?post=13331"}],"curies":[{"name":"wp","href":"https:\/\/api.w.org\/{rel}","templated":true}]}}