{"id":13334,"date":"2020-08-10T05:04:08","date_gmt":"2020-08-10T05:04:08","guid":{"rendered":"http:\/\/enteculturalsantafesino.com.ar\/usina3\/?p=13334"},"modified":"2020-08-10T05:23:41","modified_gmt":"2020-08-10T05:23:41","slug":"acebal-plasmo-un-significativo-mural-de-maria-saa-pereyra","status":"publish","type":"post","link":"https:\/\/enteculturalsantafesino.com.ar\/usina3\/2020\/08\/acebal-plasmo-un-significativo-mural-de-maria-saa-pereyra\/","title":{"rendered":"Acebal plasm\u00f3 un significativo mural de Mar\u00eda Sa\u00e1 Pereyra"},"content":{"rendered":"\n<p>Con apoyo comunal, Marcos Alba, Gabriela Geier y Franco Pietrani fueron los artistas que intervinieron una de las paredes de la estaci\u00f3n del ferrocarril con la imagen de la fundadora.<\/p>\n\n\n\n<p>En homenaje al 130 aniversario de fundaci\u00f3n de Acebal y en el D\u00eda de su patrono Santo Domingo de Guzm\u00e1n, se ilustr\u00f3 un mural con el rostro de Mar\u00eda Sa\u00e1 Pereyra. Como fundadora de la localidad: fue la impulsora para inaugurar el hospital, la iglesia y la escuela primaria. As\u00ed como tambi\u00e9n fue la iniciadora de la comunidad junto con su marido.<\/p>\n\n\n\n<p>\u00abLa idea es que esta imagen quede plasmada en un mural del Play\u00f3n Deportivo donde acude mucha gente. Como no hab\u00eda muchos retratos de ella, todas las instituciones del pueblo recibieron una bandera y una imagen de Mar\u00eda Sa\u00e1 Pereyra para que visualicen quien era la fundadora\u00bb, narr\u00f3 el Secretario de Cultura comunal Franco Pietrani.<\/p>\n\n\n\n<p>La obra ilustrada en la Casa del Ferrocarril estuvo a cargo de Marcos Alba, Gabriela Geier y el propio Franco Pietrani, quienes son profesores del Taller de Expresi\u00f3n Art\u00edstica. La iniciativa cont\u00f3 con el acompa\u00f1amiento de la gesti\u00f3n comunal con el fin de mantener presente la imagen de la fundadora.<\/p>\n\n\n\n<p>341 media<\/p>\n","protected":false},"excerpt":{"rendered":"<p>Con apoyo comunal, Marcos Alba, Gabriela Geier y Franco Pietrani fueron los artistas que intervinieron una de [&hellip;]<\/p>\n","protected":false},"author":3,"featured_media":13335,"comment_status":"open","ping_status":"open","sticky":false,"template":"","format":"standard","meta":{"_jetpack_memberships_contains_paid_content":false,"footnotes":"","jetpack_publicize_message":"","jetpack_publicize_feature_enabled":true,"jetpack_social_post_already_shared":true,"jetpack_social_options":{"image_generator_settings":{"template":"highway","enabled":false}}},"categories":[14],"tags":[],"jetpack_publicize_connections":[],"jetpack_featured_media_url":"https:\/\/enteculturalsantafesino.com.ar\/usina3\/wp-content\/uploads\/2020\/08\/WhatsApp-Image-2020-08-10-at-09.01.08-780x405-1.jpeg","jetpack_sharing_enabled":true,"_links":{"self":[{"href":"https:\/\/enteculturalsantafesino.com.ar\/usina3\/wp-json\/wp\/v2\/posts\/13334"}],"collection":[{"href":"https:\/\/enteculturalsantafesino.com.ar\/usina3\/wp-json\/wp\/v2\/posts"}],"about":[{"href":"https:\/\/enteculturalsantafesino.com.ar\/usina3\/wp-json\/wp\/v2\/types\/post"}],"author":[{"embeddable":true,"href":"https:\/\/enteculturalsantafesino.com.ar\/usina3\/wp-json\/wp\/v2\/users\/3"}],"replies":[{"embeddable":true,"href":"https:\/\/enteculturalsantafesino.com.ar\/usina3\/wp-json\/wp\/v2\/comments?post=13334"}],"version-history":[{"count":2,"href":"https:\/\/enteculturalsantafesino.com.ar\/usina3\/wp-json\/wp\/v2\/posts\/13334\/revisions"}],"predecessor-version":[{"id":13338,"href":"https:\/\/enteculturalsantafesino.com.ar\/usina3\/wp-json\/wp\/v2\/posts\/13334\/revisions\/13338"}],"wp:featuredmedia":[{"embeddable":true,"href":"https:\/\/enteculturalsantafesino.com.ar\/usina3\/wp-json\/wp\/v2\/media\/13335"}],"wp:attachment":[{"href":"https:\/\/enteculturalsantafesino.com.ar\/usina3\/wp-json\/wp\/v2\/media?parent=13334"}],"wp:term":[{"taxonomy":"category","embeddable":true,"href":"https:\/\/enteculturalsantafesino.com.ar\/usina3\/wp-json\/wp\/v2\/categories?post=13334"},{"taxonomy":"post_tag","embeddable":true,"href":"https:\/\/enteculturalsantafesino.com.ar\/usina3\/wp-json\/wp\/v2\/tags?post=13334"}],"curies":[{"name":"wp","href":"https:\/\/api.w.org\/{rel}","templated":true}]}}