{"id":13470,"date":"2021-02-04T10:08:22","date_gmt":"2021-02-04T10:08:22","guid":{"rendered":"http:\/\/enteculturalsantafesino.com.ar\/usina3\/?p=13470"},"modified":"2021-02-04T10:12:47","modified_gmt":"2021-02-04T10:12:47","slug":"en-acebal-se-inauguro-la-muestra-en-boca-de-todos","status":"publish","type":"post","link":"https:\/\/enteculturalsantafesino.com.ar\/usina3\/2021\/02\/en-acebal-se-inauguro-la-muestra-en-boca-de-todos\/","title":{"rendered":"En Acebal se inaugur\u00f3 la Muestra \u00abEn Boca de Todos\u00bb"},"content":{"rendered":"\n<blockquote class=\"wp-block-quote is-layout-flow wp-block-quote-is-layout-flow\"><p><em><strong>\u00abUna nueva gesti\u00f3n se transforma en oportunidades para cada pueblo y ciudad de nuestro Ente Cultural Santafesino\u00bb<\/strong> &#8211; <strong>Franco Pietrani &#8211; Presidente del E.C.S.<\/strong><\/em><\/p><\/blockquote>\n\n\n\n<p>En un acto muy emotivo en la sede comunal de la localidad de <strong>Acebal,<\/strong> el\u00a0<strong>Ente Cultural Santafesino<\/strong>\u00a0junto a la\u00a0<strong>Facultad de Humanidades y Artes de la UNR\u00a0<\/strong>y la\u00a0<strong>Secretar\u00eda de Cultura de Acebal<\/strong>\u00a0presentaron la\u00a0Muestra <strong>\u00abEn Boca de todos\u00bb.<\/strong><\/p>\n\n\n\n<div class=\"wp-block-jetpack-slideshow aligncenter\" data-effect=\"slide\"><div class=\"wp-block-jetpack-slideshow_container swiper-container\"><ul class=\"wp-block-jetpack-slideshow_swiper-wrapper swiper-wrapper\"><li class=\"wp-block-jetpack-slideshow_slide swiper-slide\"><figure><img loading=\"lazy\" decoding=\"async\" width=\"1024\" height=\"768\" alt=\"\" class=\"wp-block-jetpack-slideshow_image wp-image-13476\" data-id=\"13476\" src=\"http:\/\/enteculturalsantafesino.com.ar\/usina3\/wp-content\/uploads\/2021\/02\/630fd21c-f92a-45e3-a476-c2de98c95ab8-1024x768.jpg\" srcset=\"https:\/\/enteculturalsantafesino.com.ar\/usina3\/wp-content\/uploads\/2021\/02\/630fd21c-f92a-45e3-a476-c2de98c95ab8-1024x768.jpg 1024w, https:\/\/enteculturalsantafesino.com.ar\/usina3\/wp-content\/uploads\/2021\/02\/630fd21c-f92a-45e3-a476-c2de98c95ab8-300x225.jpg 300w, https:\/\/enteculturalsantafesino.com.ar\/usina3\/wp-content\/uploads\/2021\/02\/630fd21c-f92a-45e3-a476-c2de98c95ab8-768x576.jpg 768w, https:\/\/enteculturalsantafesino.com.ar\/usina3\/wp-content\/uploads\/2021\/02\/630fd21c-f92a-45e3-a476-c2de98c95ab8.jpg 1280w\" sizes=\"(max-width: 1024px) 100vw, 1024px\" \/><\/figure><\/li><li class=\"wp-block-jetpack-slideshow_slide swiper-slide\"><figure><img loading=\"lazy\" decoding=\"async\" width=\"1024\" height=\"768\" alt=\"\" class=\"wp-block-jetpack-slideshow_image wp-image-13475\" data-id=\"13475\" src=\"http:\/\/enteculturalsantafesino.com.ar\/usina3\/wp-content\/uploads\/2021\/02\/496a8ac1-a019-40cf-8315-4e59d84289e7-1024x768.jpg\" srcset=\"https:\/\/enteculturalsantafesino.com.ar\/usina3\/wp-content\/uploads\/2021\/02\/496a8ac1-a019-40cf-8315-4e59d84289e7-1024x768.jpg 1024w, https:\/\/enteculturalsantafesino.com.ar\/usina3\/wp-content\/uploads\/2021\/02\/496a8ac1-a019-40cf-8315-4e59d84289e7-300x225.jpg 300w, https:\/\/enteculturalsantafesino.com.ar\/usina3\/wp-content\/uploads\/2021\/02\/496a8ac1-a019-40cf-8315-4e59d84289e7-768x576.jpg 768w, https:\/\/enteculturalsantafesino.com.ar\/usina3\/wp-content\/uploads\/2021\/02\/496a8ac1-a019-40cf-8315-4e59d84289e7.jpg 1280w\" sizes=\"(max-width: 1024px) 100vw, 1024px\" \/><\/figure><\/li><li class=\"wp-block-jetpack-slideshow_slide swiper-slide\"><figure><img loading=\"lazy\" decoding=\"async\" width=\"1024\" height=\"768\" alt=\"\" class=\"wp-block-jetpack-slideshow_image wp-image-13473\" data-id=\"13473\" src=\"http:\/\/enteculturalsantafesino.com.ar\/usina3\/wp-content\/uploads\/2021\/02\/9db5a5e7-7fd3-4072-b903-9da5be53d3f2-1024x768.jpg\" srcset=\"https:\/\/enteculturalsantafesino.com.ar\/usina3\/wp-content\/uploads\/2021\/02\/9db5a5e7-7fd3-4072-b903-9da5be53d3f2-1024x768.jpg 1024w, https:\/\/enteculturalsantafesino.com.ar\/usina3\/wp-content\/uploads\/2021\/02\/9db5a5e7-7fd3-4072-b903-9da5be53d3f2-300x225.jpg 300w, https:\/\/enteculturalsantafesino.com.ar\/usina3\/wp-content\/uploads\/2021\/02\/9db5a5e7-7fd3-4072-b903-9da5be53d3f2-768x576.jpg 768w, https:\/\/enteculturalsantafesino.com.ar\/usina3\/wp-content\/uploads\/2021\/02\/9db5a5e7-7fd3-4072-b903-9da5be53d3f2.jpg 1280w\" sizes=\"(max-width: 1024px) 100vw, 1024px\" \/><\/figure><\/li><li class=\"wp-block-jetpack-slideshow_slide swiper-slide\"><figure><img loading=\"lazy\" decoding=\"async\" width=\"1024\" height=\"768\" alt=\"\" class=\"wp-block-jetpack-slideshow_image wp-image-13474\" data-id=\"13474\" src=\"http:\/\/enteculturalsantafesino.com.ar\/usina3\/wp-content\/uploads\/2021\/02\/58e693c7-ad42-422c-8d06-484e6638b759-1024x768.jpg\" srcset=\"https:\/\/enteculturalsantafesino.com.ar\/usina3\/wp-content\/uploads\/2021\/02\/58e693c7-ad42-422c-8d06-484e6638b759-1024x768.jpg 1024w, https:\/\/enteculturalsantafesino.com.ar\/usina3\/wp-content\/uploads\/2021\/02\/58e693c7-ad42-422c-8d06-484e6638b759-300x225.jpg 300w, https:\/\/enteculturalsantafesino.com.ar\/usina3\/wp-content\/uploads\/2021\/02\/58e693c7-ad42-422c-8d06-484e6638b759-768x576.jpg 768w, https:\/\/enteculturalsantafesino.com.ar\/usina3\/wp-content\/uploads\/2021\/02\/58e693c7-ad42-422c-8d06-484e6638b759.jpg 1280w\" sizes=\"(max-width: 1024px) 100vw, 1024px\" \/><\/figure><\/li><li class=\"wp-block-jetpack-slideshow_slide swiper-slide\"><figure><img loading=\"lazy\" decoding=\"async\" width=\"1024\" height=\"768\" alt=\"\" class=\"wp-block-jetpack-slideshow_image wp-image-13472\" data-id=\"13472\" src=\"http:\/\/enteculturalsantafesino.com.ar\/usina3\/wp-content\/uploads\/2021\/02\/4e042953-dad7-41dd-a0a3-1eaef88bba82-1024x768.jpg\" srcset=\"https:\/\/enteculturalsantafesino.com.ar\/usina3\/wp-content\/uploads\/2021\/02\/4e042953-dad7-41dd-a0a3-1eaef88bba82-1024x768.jpg 1024w, https:\/\/enteculturalsantafesino.com.ar\/usina3\/wp-content\/uploads\/2021\/02\/4e042953-dad7-41dd-a0a3-1eaef88bba82-300x225.jpg 300w, https:\/\/enteculturalsantafesino.com.ar\/usina3\/wp-content\/uploads\/2021\/02\/4e042953-dad7-41dd-a0a3-1eaef88bba82-768x576.jpg 768w, https:\/\/enteculturalsantafesino.com.ar\/usina3\/wp-content\/uploads\/2021\/02\/4e042953-dad7-41dd-a0a3-1eaef88bba82.jpg 1280w\" sizes=\"(max-width: 1024px) 100vw, 1024px\" \/><\/figure><\/li><li class=\"wp-block-jetpack-slideshow_slide swiper-slide\"><figure><img loading=\"lazy\" decoding=\"async\" width=\"1024\" height=\"768\" alt=\"\" class=\"wp-block-jetpack-slideshow_image wp-image-13471\" data-id=\"13471\" src=\"http:\/\/enteculturalsantafesino.com.ar\/usina3\/wp-content\/uploads\/2021\/02\/3a62509f-01a0-4ff2-9cd1-207975a7a229-1024x768.jpg\" srcset=\"https:\/\/enteculturalsantafesino.com.ar\/usina3\/wp-content\/uploads\/2021\/02\/3a62509f-01a0-4ff2-9cd1-207975a7a229-1024x768.jpg 1024w, https:\/\/enteculturalsantafesino.com.ar\/usina3\/wp-content\/uploads\/2021\/02\/3a62509f-01a0-4ff2-9cd1-207975a7a229-300x225.jpg 300w, https:\/\/enteculturalsantafesino.com.ar\/usina3\/wp-content\/uploads\/2021\/02\/3a62509f-01a0-4ff2-9cd1-207975a7a229-768x576.jpg 768w, https:\/\/enteculturalsantafesino.com.ar\/usina3\/wp-content\/uploads\/2021\/02\/3a62509f-01a0-4ff2-9cd1-207975a7a229.jpg 1280w\" sizes=\"(max-width: 1024px) 100vw, 1024px\" \/><\/figure><\/li><li class=\"wp-block-jetpack-slideshow_slide swiper-slide\"><figure><img loading=\"lazy\" decoding=\"async\" width=\"1024\" height=\"768\" alt=\"\" class=\"wp-block-jetpack-slideshow_image wp-image-13477\" data-id=\"13477\" src=\"http:\/\/enteculturalsantafesino.com.ar\/usina3\/wp-content\/uploads\/2021\/02\/81842bf5-2183-485b-b167-70ca2815f79d-1024x768.jpg\" srcset=\"https:\/\/enteculturalsantafesino.com.ar\/usina3\/wp-content\/uploads\/2021\/02\/81842bf5-2183-485b-b167-70ca2815f79d-1024x768.jpg 1024w, https:\/\/enteculturalsantafesino.com.ar\/usina3\/wp-content\/uploads\/2021\/02\/81842bf5-2183-485b-b167-70ca2815f79d-300x225.jpg 300w, https:\/\/enteculturalsantafesino.com.ar\/usina3\/wp-content\/uploads\/2021\/02\/81842bf5-2183-485b-b167-70ca2815f79d-768x576.jpg 768w, https:\/\/enteculturalsantafesino.com.ar\/usina3\/wp-content\/uploads\/2021\/02\/81842bf5-2183-485b-b167-70ca2815f79d.jpg 1280w\" sizes=\"(max-width: 1024px) 100vw, 1024px\" \/><\/figure><\/li><\/ul><a class=\"wp-block-jetpack-slideshow_button-prev swiper-button-prev swiper-button-white\" role=\"button\"><\/a><a class=\"wp-block-jetpack-slideshow_button-next swiper-button-next swiper-button-white\" role=\"button\"><\/a><a aria-label=\"Pause Slideshow\" class=\"wp-block-jetpack-slideshow_button-pause\" role=\"button\"><\/a><div class=\"wp-block-jetpack-slideshow_pagination swiper-pagination swiper-pagination-white\"><\/div><\/div><\/div>\n\n\n\n<p>El\u00a0<strong>Presidente del Ente Cultural Santafesino Franco Pietrani\u00a0<\/strong>se\u00f1alo que dicha propuesta surge de la vinculaci\u00f3n con los profesores\u00a0<strong>Marisa Bigazzi <\/strong>y <strong>Daniel Detti\u00a0<\/strong>quienes llevan adelante las C\u00e1tedras:\u00a0<strong>Escultura I \u2013 II<\/strong>\u00a0del a\u00f1o 2020.<\/p>\n\n\n\n<p><em>\u00abHoy es un d\u00eda muy especial ya que hace muy poco nos dej\u00f3 f\u00edsicamente Marisa (Bigazzi)  sigue presente y trasciende desde su talento, amistad y obra\u00bb<\/em> manifest\u00f3 Franco Pietrani.<\/p>\n\n\n\n<p>Adem\u00e1s es muy importante contar con la presencia de <strong>Claudia Giaccone<\/strong> quien hoy desde su funci\u00f3n como <strong>Secretaria de Deportes<\/strong> sigue recorriendo nuestra provincia y nos acompa\u00f1a una vez m\u00e1s desde su madrinazgo a nuestro espacio cultural.<\/p>\n\n\n\n<p>El acto conto con la presencia del <strong>Presidente del Ente Cultural Prof. Franco Pietrani, el Presidente Comunal Daniel Siliano, Claudia Giaccone (Madrina del Ente Cultural Santafesino) <\/strong>integrantes de la comisi\u00f3n comunal y familiares de la artista Marisa Bigazzi<\/p>\n\n\n\n<p><em>\u00abEsta muestra iniciar\u00e1 en las pr\u00f3ximas semanas su gira provincial por toda la Usina III\u00bb, agreg\u00f3 Pietrani<\/em><\/p>\n\n\n\n<p><strong>Los artistas que forman parte de esta propuesta son:<\/strong><em>Valentina Marc, Sergio Jure, Valentina Genero Bilinsky, Sofia Eroles, Rossana Guitter, Camila Pardo, Paola Murias, Micaela Porto, Nadia Ferro, Madelen Duarte, Olga Mansilla, Natalia Quintana, Noelia Larrubia, Natasha Golubko Lattuca, Maria Sol Griguioli, Marta Martinelli, Florencia Nicassio, Lucia Ferretti, Daira Irusta, Camila Cambria, Laura Aguirre Damonte, Juan Nassivera, Candela Francia, Florencia Gagliano, Analia Gattone Tell, Agustina Cespedes, Brenda Melian, Flavia Duarte, Cecilia Maldonado, Maria Rocio Wustten, Lucrecia Churin Corroquer.<\/em><\/p>\n","protected":false},"excerpt":{"rendered":"<p>\u00abUna nueva gesti\u00f3n se transforma en oportunidades para cada pueblo y ciudad de nuestro Ente Cultural Santafesino\u00bb [&hellip;]<\/p>\n","protected":false},"author":3,"featured_media":13478,"comment_status":"open","ping_status":"open","sticky":false,"template":"","format":"standard","meta":{"_jetpack_memberships_contains_paid_content":false,"footnotes":"","jetpack_publicize_message":"","jetpack_publicize_feature_enabled":true,"jetpack_social_post_already_shared":true,"jetpack_social_options":{"image_generator_settings":{"template":"highway","enabled":false}}},"categories":[14,4],"tags":[],"jetpack_publicize_connections":[],"jetpack_featured_media_url":"https:\/\/enteculturalsantafesino.com.ar\/usina3\/wp-content\/uploads\/2021\/02\/db88882e-6ec9-4456-b23a-805c4eedb810.jpg","jetpack_sharing_enabled":true,"_links":{"self":[{"href":"https:\/\/enteculturalsantafesino.com.ar\/usina3\/wp-json\/wp\/v2\/posts\/13470"}],"collection":[{"href":"https:\/\/enteculturalsantafesino.com.ar\/usina3\/wp-json\/wp\/v2\/posts"}],"about":[{"href":"https:\/\/enteculturalsantafesino.com.ar\/usina3\/wp-json\/wp\/v2\/types\/post"}],"author":[{"embeddable":true,"href":"https:\/\/enteculturalsantafesino.com.ar\/usina3\/wp-json\/wp\/v2\/users\/3"}],"replies":[{"embeddable":true,"href":"https:\/\/enteculturalsantafesino.com.ar\/usina3\/wp-json\/wp\/v2\/comments?post=13470"}],"version-history":[{"count":3,"href":"https:\/\/enteculturalsantafesino.com.ar\/usina3\/wp-json\/wp\/v2\/posts\/13470\/revisions"}],"predecessor-version":[{"id":13481,"href":"https:\/\/enteculturalsantafesino.com.ar\/usina3\/wp-json\/wp\/v2\/posts\/13470\/revisions\/13481"}],"wp:featuredmedia":[{"embeddable":true,"href":"https:\/\/enteculturalsantafesino.com.ar\/usina3\/wp-json\/wp\/v2\/media\/13478"}],"wp:attachment":[{"href":"https:\/\/enteculturalsantafesino.com.ar\/usina3\/wp-json\/wp\/v2\/media?parent=13470"}],"wp:term":[{"taxonomy":"category","embeddable":true,"href":"https:\/\/enteculturalsantafesino.com.ar\/usina3\/wp-json\/wp\/v2\/categories?post=13470"},{"taxonomy":"post_tag","embeddable":true,"href":"https:\/\/enteculturalsantafesino.com.ar\/usina3\/wp-json\/wp\/v2\/tags?post=13470"}],"curies":[{"name":"wp","href":"https:\/\/api.w.org\/{rel}","templated":true}]}}