{"id":13680,"date":"2021-10-12T20:04:17","date_gmt":"2021-10-12T20:04:17","guid":{"rendered":"http:\/\/enteculturalsantafesino.com.ar\/usina3\/?p=13680"},"modified":"2021-10-12T20:04:55","modified_gmt":"2021-10-12T20:04:55","slug":"pavon-conmemoro-el-160o-aniversario-de-la-batalla-de-pavon","status":"publish","type":"post","link":"https:\/\/enteculturalsantafesino.com.ar\/usina3\/2021\/10\/pavon-conmemoro-el-160o-aniversario-de-la-batalla-de-pavon\/","title":{"rendered":"Pav\u00f3n conmemor\u00f3 el 160\u00ba aniversario de la Batalla de Pav\u00f3n"},"content":{"rendered":"\n<p>En el marco del 160\u00ba aniversario de la Batalla de Pav\u00f3n la Comuna de Pav\u00f3n llev\u00f3 adelante este viernes dos actividades en el Centro de Expresiones Culturales (ex estaci\u00f3n del ferrocarril). La primera fue la inauguraci\u00f3n de la Galer\u00eda Hist\u00f3rica Regional \u201cLa Guerra Civil Argentina\u201d (1819-1861) y posteriormente el Ciclo de Charlas y Panel \u00abDespu\u00e9s de Pav\u00f3n\u00bb.<\/p>\n\n\n\n<p>La Galer\u00eda, que se encuentra abierta al p\u00fablico en forma libre y gratuita, cuenta con el aporte del Museo Hist\u00f3rico Provincial de Rosario \u00abJulio Marc\u00bb; Museo y Biblioteca Nacional de la Casa del Acuerdo de San Nicol\u00e1s de los Arroyos; Museo Hist\u00f3rico Regional Municipal de Villa Constituci\u00f3n \u00abSantiago Lischetti\u00bb; Museo B\u00e9lico Municipal de Arroyo Seco; Museo de Peyrano; Museo Hist\u00f3rico Municipal de Ca\u00f1ada de G\u00f3mez \u00abEllas Bertola\u00bb; Museo Batallas de Cepeda \u00abMariano Ben\u00edtez\u00bb del Partido de Pergamino; Comuna de Godoy; Historia de Santa Fe, Tomo I y un adelanto sobre Pav\u00f3n tomo II (2021) Colecci\u00f3n ATE; La Villa de la Constituci\u00f3n Tomo I (2008) Colecci\u00f3n Aqu\u00ed Mimo Grageas de Historia Argentina en Historietas y \u00c1rea de Cultura Comuna de Pav\u00f3n.<\/p>\n\n\n\n<p><strong>Cita de historiadores<\/strong><\/p>\n\n\n\n<p>En tanto el Ciclo de Charlas y Panel \u00abDespu\u00e9s de Pav\u00f3n\u00bb cont\u00f3 con p\u00fablico virtual y presencial, respetando el distanciamiento social. Asimismo, en la primera parte expusieron a trav\u00e9s de la virtualidad, dos de los historiadores. Ellos fueron Hugo Chumbita y Eduardo M\u00edguez. El segundo panel fue presencial y cont\u00f3 con la participaci\u00f3n de Roberto Landaburu, Federico Antoniasi, y el profesor Jos\u00e9 Hugo Goicochea, participante activo a su vez, de esta in\u00e9dita e hist\u00f3rica propuesta.<\/p>\n\n\n\n<p>Al t\u00e9rmino de la charla delegados de ATE entregaron a los expositores y al presidente comunal de Pav\u00f3n, Jos\u00e9 \u201cPepe\u201d L\u00f3pez, ejemplares de la producci\u00f3n del gremio \u201cHistoria de Santa Fe\u201d, Tomo I y un adelanto sobre Pav\u00f3n tomo II (2021).<\/p>\n\n\n\n<p><strong>Recuperar la historia regional<\/strong><\/p>\n\n\n\n<p>Finalmente \u201cPepe\u201d L\u00f3pez cerr\u00f3 la actividad con una breve alocuci\u00f3n. \u201cQueremos que nuestros ni\u00f1os en la escuela primaria, que nuestros adolescentes, que nuestra poblaci\u00f3n, que en localidades vecinas, empecemos a tener esta informaci\u00f3n de lo que fue la Batalla de Pav\u00f3n y lo que dej\u00f3\u201d, expres\u00f3 en parte del discurso.<\/p>\n\n\n\n<p>\u201cMe pas\u00f3 a m\u00ed cuando llegu\u00e9 a la secundaria, a los 15 a\u00f1os, que me enter\u00e9 que Pav\u00f3n era parte de la historia y que, si hoy te par\u00e1s en nuestro pueblo, en cualquier esquina, y le pregunt\u00e1s a 10 personas qu\u00e9 pas\u00f3, qu\u00e9 fue la batalla de Pav\u00f3n, 9 no saben, y eso es un error que tenemos como sociedad\u201d, puntualiz\u00f3 L\u00f3pez.<\/p>\n\n\n\n<p><strong>Acto y desfile<\/strong><\/p>\n\n\n\n<p>Posteriormente, el s\u00e1bado por la ma\u00f1ana, tuvo lugar el acto protocolar y posterior desfile patri\u00f3tico desarrollados en la plaza \u201cBatalla de Pav\u00f3n\u201d. Cont\u00f3 con la presencia de la ministra de Ambiente y Cambio Clim\u00e1tico de la Provincia de Santa Fe, Erika Gonnet, quien asisti\u00f3 en representaci\u00f3n del gobernador Omar Perotti; el senador provincial Germ\u00e1n Giacomino y el subsecretario de Formaci\u00f3n y Capacitaci\u00f3n del Ministerio de Seguridad de la Provincia, Andr\u00e9s Rolandelli. Ofici\u00f3 de anfitri\u00f3n el presidente comunal Jos\u00e9 \u201cPepe\u201d L\u00f3pez.&nbsp;<\/p>\n\n\n\n<p>El acto y el desfile tuvieron como marco musical la actuaci\u00f3n de la Banda Militar de M\u00fasica \u201cCabo Teodoro Fels\u201d perteneciente al Liceo Aeron\u00e1utico Militar de Funes, dirigida por el capit\u00e1n H\u00e9ctor del Maestro y la Banda Sinf\u00f3nica de la Polic\u00eda de la Provincia de Santa Fe, dirigida por el subcomisario Germ\u00e1n Iacobellis.<\/p>\n\n\n\n<p>Del desfile participaron todas las instituciones del pueblo con sus abanderados, la Unidad Regional VI con personal y m\u00f3viles de la Patrulla de Intervenci\u00f3n Departamental (PID), el Grupo de Operaciones T\u00e1cticas (GOT), Subcomisar\u00eda 2\u00aa; Guardia Rural \u201cLos Pumas\u201d, Gendarmer\u00eda Nacional, Bomberos Voluntarios de Pav\u00f3n, los centros de Veteranos de Malvinas de Arroyo Seco y Villa Constituci\u00f3n, estos \u00faltimos acompa\u00f1ados por miembros de \u201cGeneraci\u00f3n Malvinas\u201d integrada por hijos y familiares de los Veteranos. Tambi\u00e9n desfilaron dos autom\u00f3viles de la colecci\u00f3n de Jorge Paganussi, titular de Autocr\u00e9dito.<\/p>\n\n\n\n<p><strong>Espect\u00e1culo<\/strong><\/p>\n\n\n\n<p>A partir de las 14 y hasta las 21 se desarroll\u00f3 el festival musical con un alto nivel de espect\u00e1culos y un importante marco de p\u00fablico. Participaron los artistas locales Fiama Villarruel y Agust\u00edn Castillo: el cantante de Arroyo Seco, Fernando Junco, el Circo Naranja (espect\u00e1culo infantil) de Rosario; Diego Zalazar de Empalme junto a Cora Tuliani de Pergamino, el Grupo Tinkus de Villa Constituci\u00f3n; los ballets \u201cRa\u00edces Gauchas\u201d de Villa Constituci\u00f3n y Pav\u00f3n (que forma parte del taller de danzas del Centro de Expresiones Culturales de la Comuna de Pav\u00f3n); y el Taller de Danzas Folkl\u00f3ricas \u201cLos duendes del Paran\u00e1\u201d junto al cantante Miguel \u00c1ngel Almendra. El cierre estuvo a cargo de Orlando Veracruz.<\/p>\n","protected":false},"excerpt":{"rendered":"<p>En el marco del 160\u00ba aniversario de la Batalla de Pav\u00f3n la Comuna de Pav\u00f3n llev\u00f3 adelante [&hellip;]<\/p>\n","protected":false},"author":3,"featured_media":13681,"comment_status":"open","ping_status":"open","sticky":false,"template":"","format":"standard","meta":{"_jetpack_memberships_contains_paid_content":false,"footnotes":"","jetpack_publicize_message":"","jetpack_publicize_feature_enabled":true,"jetpack_social_post_already_shared":true,"jetpack_social_options":{"image_generator_settings":{"template":"highway","enabled":false}}},"categories":[1],"tags":[],"jetpack_publicize_connections":[],"jetpack_featured_media_url":"https:\/\/enteculturalsantafesino.com.ar\/usina3\/wp-content\/uploads\/2021\/10\/Desfile-Pavon-scaled-1.jpg","jetpack_sharing_enabled":true,"_links":{"self":[{"href":"https:\/\/enteculturalsantafesino.com.ar\/usina3\/wp-json\/wp\/v2\/posts\/13680"}],"collection":[{"href":"https:\/\/enteculturalsantafesino.com.ar\/usina3\/wp-json\/wp\/v2\/posts"}],"about":[{"href":"https:\/\/enteculturalsantafesino.com.ar\/usina3\/wp-json\/wp\/v2\/types\/post"}],"author":[{"embeddable":true,"href":"https:\/\/enteculturalsantafesino.com.ar\/usina3\/wp-json\/wp\/v2\/users\/3"}],"replies":[{"embeddable":true,"href":"https:\/\/enteculturalsantafesino.com.ar\/usina3\/wp-json\/wp\/v2\/comments?post=13680"}],"version-history":[{"count":1,"href":"https:\/\/enteculturalsantafesino.com.ar\/usina3\/wp-json\/wp\/v2\/posts\/13680\/revisions"}],"predecessor-version":[{"id":13682,"href":"https:\/\/enteculturalsantafesino.com.ar\/usina3\/wp-json\/wp\/v2\/posts\/13680\/revisions\/13682"}],"wp:featuredmedia":[{"embeddable":true,"href":"https:\/\/enteculturalsantafesino.com.ar\/usina3\/wp-json\/wp\/v2\/media\/13681"}],"wp:attachment":[{"href":"https:\/\/enteculturalsantafesino.com.ar\/usina3\/wp-json\/wp\/v2\/media?parent=13680"}],"wp:term":[{"taxonomy":"category","embeddable":true,"href":"https:\/\/enteculturalsantafesino.com.ar\/usina3\/wp-json\/wp\/v2\/categories?post=13680"},{"taxonomy":"post_tag","embeddable":true,"href":"https:\/\/enteculturalsantafesino.com.ar\/usina3\/wp-json\/wp\/v2\/tags?post=13680"}],"curies":[{"name":"wp","href":"https:\/\/api.w.org\/{rel}","templated":true}]}}