{"id":13813,"date":"2021-12-15T05:37:56","date_gmt":"2021-12-15T05:37:56","guid":{"rendered":"http:\/\/enteculturalsantafesino.com.ar\/usina3\/?p=13813"},"modified":"2021-12-15T05:38:43","modified_gmt":"2021-12-15T05:38:43","slug":"arte-mocovi-y-en-boca-de-todos-llegaron-a-godeken","status":"publish","type":"post","link":"https:\/\/enteculturalsantafesino.com.ar\/usina3\/2021\/12\/arte-mocovi-y-en-boca-de-todos-llegaron-a-godeken\/","title":{"rendered":"\u00abArte Mocov\u00ed\u00bb y \u00abEn Boca de Todos\u00bb llegaron a G\u00f6deken"},"content":{"rendered":"\n<p>En la comunidad perteneciente al Dpto. Caseros a trav\u00e9s del Ente Cultural Santafesino ya se exhiben las Muestras itinerantes \u201dEn Boca de Todos\u00bb y la \u00abMuestra de \u00abArte Aborigen\u00bb del artesano sanjavierino Nestor Lanche.<\/p>\n\n\n\n<p> En las instalaciones del Museo G\u00f6deken del 15 al 19 de diciembre en los horarios de 19 a 20:30hs se pueden visitar dichas propuestas que siguen recorriendo las comunidades de la Usina III (sur).<\/p>\n\n\n\n<p> \u00ab<strong>En Boca de Todos\u00bb<\/strong><\/p>\n\n\n\n<p>La misma cuenta con 31 obras de artistas santafesinos y llega a trav\u00e9s del\u00a0Ente Cultural Santafesino\u00a0junto a la\u00a0Facultad de Humanidad y Artes de la UNR\u00a0y la\u00a0Secretar\u00eda de Cultura de Acebal.<\/p>\n\n\n\n<p><strong>\u00abArte Aborigen\u00bb<\/strong><\/p>\n\n\n\n<p>La\u00a0Alfarer\u00eda Mocov\u00ed\u00a0que realiza\u00a0N\u00e9stor Lanche, requiere s\u00f3lo de su habilidad, dedicaci\u00f3n y tiempo. La materia prima es arcilla proveniente de la rivera del r\u00edo San Javier, que luego de un proceso de limpieza y decantaci\u00f3n, comienza el amasado y moldeado de la pieza.<\/p>\n\n\n\n<figure class=\"wp-block-gallery columns-3 is-cropped wp-block-gallery-1 is-layout-flex wp-block-gallery-is-layout-flex\"><ul class=\"blocks-gallery-grid\"><li class=\"blocks-gallery-item\"><figure><img loading=\"lazy\" decoding=\"async\" width=\"960\" height=\"720\" src=\"http:\/\/enteculturalsantafesino.com.ar\/usina3\/wp-content\/uploads\/2021\/12\/1da0740d-8ab4-4a04-8b51-e9889e9da316.jpg\" alt=\"\" data-id=\"13814\" data-full-url=\"http:\/\/enteculturalsantafesino.com.ar\/usina3\/wp-content\/uploads\/2021\/12\/1da0740d-8ab4-4a04-8b51-e9889e9da316.jpg\" data-link=\"http:\/\/enteculturalsantafesino.com.ar\/usina3\/?attachment_id=13814\" class=\"wp-image-13814\" srcset=\"https:\/\/enteculturalsantafesino.com.ar\/usina3\/wp-content\/uploads\/2021\/12\/1da0740d-8ab4-4a04-8b51-e9889e9da316.jpg 960w, https:\/\/enteculturalsantafesino.com.ar\/usina3\/wp-content\/uploads\/2021\/12\/1da0740d-8ab4-4a04-8b51-e9889e9da316-300x225.jpg 300w, https:\/\/enteculturalsantafesino.com.ar\/usina3\/wp-content\/uploads\/2021\/12\/1da0740d-8ab4-4a04-8b51-e9889e9da316-768x576.jpg 768w\" sizes=\"(max-width: 960px) 100vw, 960px\" \/><\/figure><\/li><li class=\"blocks-gallery-item\"><figure><img loading=\"lazy\" decoding=\"async\" width=\"960\" height=\"720\" src=\"http:\/\/enteculturalsantafesino.com.ar\/usina3\/wp-content\/uploads\/2021\/12\/53f75aeb-1395-4118-8041-fdba10a4aa50.jpg\" alt=\"\" data-id=\"13815\" data-full-url=\"http:\/\/enteculturalsantafesino.com.ar\/usina3\/wp-content\/uploads\/2021\/12\/53f75aeb-1395-4118-8041-fdba10a4aa50.jpg\" data-link=\"http:\/\/enteculturalsantafesino.com.ar\/usina3\/?attachment_id=13815\" class=\"wp-image-13815\" srcset=\"https:\/\/enteculturalsantafesino.com.ar\/usina3\/wp-content\/uploads\/2021\/12\/53f75aeb-1395-4118-8041-fdba10a4aa50.jpg 960w, https:\/\/enteculturalsantafesino.com.ar\/usina3\/wp-content\/uploads\/2021\/12\/53f75aeb-1395-4118-8041-fdba10a4aa50-300x225.jpg 300w, https:\/\/enteculturalsantafesino.com.ar\/usina3\/wp-content\/uploads\/2021\/12\/53f75aeb-1395-4118-8041-fdba10a4aa50-768x576.jpg 768w\" sizes=\"(max-width: 960px) 100vw, 960px\" \/><\/figure><\/li><li class=\"blocks-gallery-item\"><figure><img loading=\"lazy\" decoding=\"async\" width=\"960\" height=\"720\" src=\"http:\/\/enteculturalsantafesino.com.ar\/usina3\/wp-content\/uploads\/2021\/12\/a82568f4-4c50-4a65-afb8-a003f5b72491.jpg\" alt=\"\" data-id=\"13816\" data-full-url=\"http:\/\/enteculturalsantafesino.com.ar\/usina3\/wp-content\/uploads\/2021\/12\/a82568f4-4c50-4a65-afb8-a003f5b72491.jpg\" data-link=\"http:\/\/enteculturalsantafesino.com.ar\/usina3\/?attachment_id=13816\" class=\"wp-image-13816\" srcset=\"https:\/\/enteculturalsantafesino.com.ar\/usina3\/wp-content\/uploads\/2021\/12\/a82568f4-4c50-4a65-afb8-a003f5b72491.jpg 960w, https:\/\/enteculturalsantafesino.com.ar\/usina3\/wp-content\/uploads\/2021\/12\/a82568f4-4c50-4a65-afb8-a003f5b72491-300x225.jpg 300w, https:\/\/enteculturalsantafesino.com.ar\/usina3\/wp-content\/uploads\/2021\/12\/a82568f4-4c50-4a65-afb8-a003f5b72491-768x576.jpg 768w\" sizes=\"(max-width: 960px) 100vw, 960px\" \/><\/figure><\/li><\/ul><\/figure>\n","protected":false},"excerpt":{"rendered":"<p>En la comunidad perteneciente al Dpto. Caseros a trav\u00e9s del Ente Cultural Santafesino ya se exhiben las [&hellip;]<\/p>\n","protected":false},"author":3,"featured_media":13814,"comment_status":"open","ping_status":"open","sticky":false,"template":"","format":"standard","meta":{"_jetpack_memberships_contains_paid_content":false,"footnotes":"","jetpack_publicize_message":"","jetpack_publicize_feature_enabled":true,"jetpack_social_post_already_shared":true,"jetpack_social_options":{"image_generator_settings":{"template":"highway","enabled":false}}},"categories":[4,12],"tags":[],"jetpack_publicize_connections":[],"jetpack_featured_media_url":"https:\/\/enteculturalsantafesino.com.ar\/usina3\/wp-content\/uploads\/2021\/12\/1da0740d-8ab4-4a04-8b51-e9889e9da316.jpg","jetpack_sharing_enabled":true,"_links":{"self":[{"href":"https:\/\/enteculturalsantafesino.com.ar\/usina3\/wp-json\/wp\/v2\/posts\/13813"}],"collection":[{"href":"https:\/\/enteculturalsantafesino.com.ar\/usina3\/wp-json\/wp\/v2\/posts"}],"about":[{"href":"https:\/\/enteculturalsantafesino.com.ar\/usina3\/wp-json\/wp\/v2\/types\/post"}],"author":[{"embeddable":true,"href":"https:\/\/enteculturalsantafesino.com.ar\/usina3\/wp-json\/wp\/v2\/users\/3"}],"replies":[{"embeddable":true,"href":"https:\/\/enteculturalsantafesino.com.ar\/usina3\/wp-json\/wp\/v2\/comments?post=13813"}],"version-history":[{"count":2,"href":"https:\/\/enteculturalsantafesino.com.ar\/usina3\/wp-json\/wp\/v2\/posts\/13813\/revisions"}],"predecessor-version":[{"id":13818,"href":"https:\/\/enteculturalsantafesino.com.ar\/usina3\/wp-json\/wp\/v2\/posts\/13813\/revisions\/13818"}],"wp:featuredmedia":[{"embeddable":true,"href":"https:\/\/enteculturalsantafesino.com.ar\/usina3\/wp-json\/wp\/v2\/media\/13814"}],"wp:attachment":[{"href":"https:\/\/enteculturalsantafesino.com.ar\/usina3\/wp-json\/wp\/v2\/media?parent=13813"}],"wp:term":[{"taxonomy":"category","embeddable":true,"href":"https:\/\/enteculturalsantafesino.com.ar\/usina3\/wp-json\/wp\/v2\/categories?post=13813"},{"taxonomy":"post_tag","embeddable":true,"href":"https:\/\/enteculturalsantafesino.com.ar\/usina3\/wp-json\/wp\/v2\/tags?post=13813"}],"curies":[{"name":"wp","href":"https:\/\/api.w.org\/{rel}","templated":true}]}}