{"id":13864,"date":"2022-02-07T12:20:42","date_gmt":"2022-02-07T12:20:42","guid":{"rendered":"http:\/\/enteculturalsantafesino.com.ar\/usina3\/?p=13864"},"modified":"2022-02-07T12:20:45","modified_gmt":"2022-02-07T12:20:45","slug":"importante-marco-se-vivio-en-el-cine-a-la-reposera","status":"publish","type":"post","link":"https:\/\/enteculturalsantafesino.com.ar\/usina3\/2022\/02\/importante-marco-se-vivio-en-el-cine-a-la-reposera\/","title":{"rendered":"Importante marco se vivi\u00f3 en el \u00abCine a la reposera\u00bb"},"content":{"rendered":"\n<p>El jueves 3 de febrero se vivi\u00f3 una hermosa jornada del <strong>\u00abCine a la Reposera\u00bb <\/strong>en el Anfiteatro Municipal, con una muy buena asistencia de familias, vecinos y vecinas que acompa\u00f1aron y acompa\u00f1an esta propuesta.<\/p>\n\n\n\n<p>En ese marco, se disfrut\u00f3 de la pel\u00edcula \u00abLuca\u00bb de Disney, \u00a1Y nos re\u00edmos y emocionamos entre todos.<\/p>\n\n\n\n<p>La gesti\u00f3n municipal agradece por participar, invit\u00e1ndolos para la pr\u00f3xima semana<\/p>\n","protected":false},"excerpt":{"rendered":"<p>El jueves 3 de febrero se vivi\u00f3 una hermosa jornada del \u00abCine a la Reposera\u00bb en el [&hellip;]<\/p>\n","protected":false},"author":3,"featured_media":13865,"comment_status":"open","ping_status":"open","sticky":false,"template":"","format":"standard","meta":{"_jetpack_memberships_contains_paid_content":false,"footnotes":"","jetpack_publicize_message":"","jetpack_publicize_feature_enabled":true,"jetpack_social_post_already_shared":true,"jetpack_social_options":{"image_generator_settings":{"template":"highway","enabled":false}}},"categories":[19],"tags":[],"jetpack_publicize_connections":[],"jetpack_featured_media_url":"https:\/\/enteculturalsantafesino.com.ar\/usina3\/wp-content\/uploads\/2022\/02\/273396088_4796025427101236_8517237835138913483_n.jpg","jetpack_sharing_enabled":true,"_links":{"self":[{"href":"https:\/\/enteculturalsantafesino.com.ar\/usina3\/wp-json\/wp\/v2\/posts\/13864"}],"collection":[{"href":"https:\/\/enteculturalsantafesino.com.ar\/usina3\/wp-json\/wp\/v2\/posts"}],"about":[{"href":"https:\/\/enteculturalsantafesino.com.ar\/usina3\/wp-json\/wp\/v2\/types\/post"}],"author":[{"embeddable":true,"href":"https:\/\/enteculturalsantafesino.com.ar\/usina3\/wp-json\/wp\/v2\/users\/3"}],"replies":[{"embeddable":true,"href":"https:\/\/enteculturalsantafesino.com.ar\/usina3\/wp-json\/wp\/v2\/comments?post=13864"}],"version-history":[{"count":1,"href":"https:\/\/enteculturalsantafesino.com.ar\/usina3\/wp-json\/wp\/v2\/posts\/13864\/revisions"}],"predecessor-version":[{"id":13866,"href":"https:\/\/enteculturalsantafesino.com.ar\/usina3\/wp-json\/wp\/v2\/posts\/13864\/revisions\/13866"}],"wp:featuredmedia":[{"embeddable":true,"href":"https:\/\/enteculturalsantafesino.com.ar\/usina3\/wp-json\/wp\/v2\/media\/13865"}],"wp:attachment":[{"href":"https:\/\/enteculturalsantafesino.com.ar\/usina3\/wp-json\/wp\/v2\/media?parent=13864"}],"wp:term":[{"taxonomy":"category","embeddable":true,"href":"https:\/\/enteculturalsantafesino.com.ar\/usina3\/wp-json\/wp\/v2\/categories?post=13864"},{"taxonomy":"post_tag","embeddable":true,"href":"https:\/\/enteculturalsantafesino.com.ar\/usina3\/wp-json\/wp\/v2\/tags?post=13864"}],"curies":[{"name":"wp","href":"https:\/\/api.w.org\/{rel}","templated":true}]}}