{"id":13867,"date":"2022-02-07T12:38:38","date_gmt":"2022-02-07T12:38:38","guid":{"rendered":"http:\/\/enteculturalsantafesino.com.ar\/usina3\/?p=13867"},"modified":"2022-02-07T12:38:40","modified_gmt":"2022-02-07T12:38:40","slug":"alegria-acebalense-el-carnaval-como-expresion-popular","status":"publish","type":"post","link":"https:\/\/enteculturalsantafesino.com.ar\/usina3\/2022\/02\/alegria-acebalense-el-carnaval-como-expresion-popular\/","title":{"rendered":"Alegr\u00eda acebalense, el Carnaval como expresi\u00f3n popular"},"content":{"rendered":"\n<p><em><strong>Alrededor de 3000 personas celebraron la primera noche de los tradicionales carnavales en la temporada 2022. El \u201cSambodromo\u201d del Club Atl\u00e9tico Acebal luci\u00f3 lentejuelas, plumas y brillantinas en la primera noche de la fiesta multitudinaria que re\u00fane a la regi\u00f3n.<\/strong><\/em><\/p>\n\n\n\n<p>Un pueblo comparsero, Los primeros carnavales de Acebal, organizados por el Club Atl\u00e9tico Acebal, datan del a\u00f1o 1927. Este festejo, tiene marcado arraigo en la idiosincrasia local, siendo celebrado con una m\u00edstica especial.<\/p>\n\n\n\n<p>Luego del paso de Uniberacita, la batucada, comandada por su pasista, Yanina Barilaro, se anunci\u00f3 el ingreso de la hist\u00f3rica comparsa, Uniber\u00e1, que recorri\u00f3 las calles del samb\u00f3dromo con el brillo y la alegr\u00eda a la que nos tiene acostumbrados, culminando con el paso de la carroza de la reina de la edici\u00f3n 2022, Liza Giordanengo. El motivo art\u00edstico de este a\u00f1o son los superh\u00e9roes.<\/p>\n\n\n\n<p>\u00a0Para finalizar la tradicional velada que re\u00fane multitudes, el grupo \u201cLos Primos\u201d se present\u00f3 en vivo para el disfrute de los que se quedaron bailando. La pr\u00f3xima noche de carnaval ser\u00e1 el s\u00e1bado 12 de febrero.<\/p>\n\n\n\n<p><strong>Fuente: 341 media<\/strong><\/p>\n","protected":false},"excerpt":{"rendered":"<p>Alrededor de 3000 personas celebraron la primera noche de los tradicionales carnavales en la temporada 2022. El [&hellip;]<\/p>\n","protected":false},"author":3,"featured_media":13868,"comment_status":"open","ping_status":"open","sticky":false,"template":"","format":"standard","meta":{"_jetpack_memberships_contains_paid_content":false,"footnotes":"","jetpack_publicize_message":"","jetpack_publicize_feature_enabled":true,"jetpack_social_post_already_shared":true,"jetpack_social_options":{"image_generator_settings":{"template":"highway","enabled":false}}},"categories":[14],"tags":[],"jetpack_publicize_connections":[],"jetpack_featured_media_url":"https:\/\/enteculturalsantafesino.com.ar\/usina3\/wp-content\/uploads\/2022\/02\/3d4c12c1-efaf-4a19-814d-45fb792291d2.jpg","jetpack_sharing_enabled":true,"_links":{"self":[{"href":"https:\/\/enteculturalsantafesino.com.ar\/usina3\/wp-json\/wp\/v2\/posts\/13867"}],"collection":[{"href":"https:\/\/enteculturalsantafesino.com.ar\/usina3\/wp-json\/wp\/v2\/posts"}],"about":[{"href":"https:\/\/enteculturalsantafesino.com.ar\/usina3\/wp-json\/wp\/v2\/types\/post"}],"author":[{"embeddable":true,"href":"https:\/\/enteculturalsantafesino.com.ar\/usina3\/wp-json\/wp\/v2\/users\/3"}],"replies":[{"embeddable":true,"href":"https:\/\/enteculturalsantafesino.com.ar\/usina3\/wp-json\/wp\/v2\/comments?post=13867"}],"version-history":[{"count":1,"href":"https:\/\/enteculturalsantafesino.com.ar\/usina3\/wp-json\/wp\/v2\/posts\/13867\/revisions"}],"predecessor-version":[{"id":13869,"href":"https:\/\/enteculturalsantafesino.com.ar\/usina3\/wp-json\/wp\/v2\/posts\/13867\/revisions\/13869"}],"wp:featuredmedia":[{"embeddable":true,"href":"https:\/\/enteculturalsantafesino.com.ar\/usina3\/wp-json\/wp\/v2\/media\/13868"}],"wp:attachment":[{"href":"https:\/\/enteculturalsantafesino.com.ar\/usina3\/wp-json\/wp\/v2\/media?parent=13867"}],"wp:term":[{"taxonomy":"category","embeddable":true,"href":"https:\/\/enteculturalsantafesino.com.ar\/usina3\/wp-json\/wp\/v2\/categories?post=13867"},{"taxonomy":"post_tag","embeddable":true,"href":"https:\/\/enteculturalsantafesino.com.ar\/usina3\/wp-json\/wp\/v2\/tags?post=13867"}],"curies":[{"name":"wp","href":"https:\/\/api.w.org\/{rel}","templated":true}]}}