{"id":13870,"date":"2022-02-07T12:43:45","date_gmt":"2022-02-07T12:43:45","guid":{"rendered":"http:\/\/enteculturalsantafesino.com.ar\/usina3\/?p=13870"},"modified":"2022-02-07T12:43:47","modified_gmt":"2022-02-07T12:43:47","slug":"nico-del-campo-alzo-la-voz-del-festival-nacional-de-malambo-laborde-2022","status":"publish","type":"post","link":"https:\/\/enteculturalsantafesino.com.ar\/usina3\/2022\/02\/nico-del-campo-alzo-la-voz-del-festival-nacional-de-malambo-laborde-2022\/","title":{"rendered":"Nico del Campo, alz\u00f3 la voz del Festival Nacional de Malambo &#8211; Laborde 2022."},"content":{"rendered":"\n<p><em><strong>\u201cFue una mezcla de sensaciones, una experiencia hermosa y muy enriquecedora\u201d, expres\u00f3 el artista.&nbsp;<\/strong><\/em><\/p>\n\n\n\n<p><em><strong>Por Lucas Arcidiacono<\/strong><\/em><\/p>\n\n\n\n<p>El m\u00fasico acebalense, logr\u00f3 el primer puesto en la categor\u00eda Solista Vocal, adem\u00e1s de recibir un reconocimiento como \u201cRevelaci\u00f3n Musical\u00bb en la 54\u00aa edici\u00f3n del festival labordense.<\/p>\n\n\n\n<p>En su segunda presentaci\u00f3n en el evento de Malambo, Nico dijo presente con \u201cLo que sos, mi chamame\u201d de Miguel \u00c1ngel Morelli y \u201cCoplas de la orilla\u201d, con letra del poeta serodinense radicado en Acebal, Roque Nosetto.<\/p>\n\n\n\n<p>Respecto a esto, Del Campo record\u00f3 \u201cPens\u00e9 mucho en mi familia, amigos, a la gente que me brinda amor. En mis compa\u00f1eros del grupo de danza, con los que hemos ido muchas veces a Laborde como bailarines.\u201d&nbsp;<\/p>\n\n\n\n<p>M\u00e1s tarde a\u00f1adi\u00f3, \u201cLa sensaci\u00f3n de haber cumplido con un trabajo, que m\u00e1s all\u00e1 de una meta personal; el hito es que Santa Fe tuvo la oportunidad de tener ese reconocimiento a trav\u00e9s m\u00edo. Humildemente con el trabajo que hago, haberle brindado a toda la provincia, a la m\u00fasica, autores y autoras, un lugarcito en este festival y en la memoria de la gente que estuvo ah\u00ed, es maravilloso.\u201d<\/p>\n\n\n\n<p>Consultado sobre el desarrollo de su carrera, el m\u00fasico relat\u00f3 que va camino a los 17 a\u00f1os de trayectoria. \u201cArranque a los 14 a\u00f1os y no par\u00e9. Amo la m\u00fasica, toqu\u00e9 en bandas de todo tipo, pero en este camino musical comenc\u00e9 en el 2015, cuando grab\u00e9 mi primer disco solista. Creo que fue en el momento en el que decid\u00ed lo que quer\u00eda hacer en mi vida, que es tocar y hacer m\u00fasica, fusionar distintos g\u00e9neros con la ra\u00edz folcl\u00f3rica, que es el g\u00e9nero que eleg\u00ed para comunicar lo que siento, expres\u00f3\u201d.<\/p>\n\n\n\n<p>Acerca de sus comienzos, record\u00f3 cuando acompa\u00f1aba a F\u00e1tima Nardone, quien le abri\u00f3 las puertas para comenzar su carrera. Luego agreg\u00f3, \u201cCuando arrancamos con Cuarto Menguante (Lautaro David, Noel Bernardis, Laureano Goncebat, Nico del Campo) toc\u00e1bamos muy, pero muy r\u00e1pido las chacareras (Risas) y hoy escuchamos eso y nos damos cuenta cuanto hemos crecido y aprendido de andar el camino, estudiando, encontr\u00e1ndonos con otros m\u00fasicos que nos brindaron conocimientos, experiencia y sabidur\u00eda.\u201d<\/p>\n\n\n\n<p><strong>Nuevo disco<\/strong><\/p>\n\n\n\n<p>Nico Del Campo est\u00e1 trabajando en su pr\u00f3ximo material denominado \u201c1722\u201d, \u201cEstoy elaborando un nuevo disco, por fuera de lo que es la m\u00fasica folcl\u00f3rica, con un estilo m\u00e1s cancionero, con canciones \u00edntegramente hechas por m\u00ed y escritas para ese disco\u201d, anticip\u00f3.<\/p>\n\n\n\n<p>Hoy, Nico se va a presentar en vivo en Garzas Viajeras Victoria (Entre R\u00edos). \u201cQuiero agradecer a mi familia, a mis amigos, a la gente que me brinda buena energ\u00eda, a Fabio Hern\u00e1ndez, a Dario Delbono, No Soy Tu Padre producciones, m\u00fasicos, y a todos los que me acompa\u00f1aron todos estos a\u00f1os\u201d.<\/p>\n\n\n\n<p><strong><em>Fuente: 341 media<\/em><\/strong><\/p>\n","protected":false},"excerpt":{"rendered":"<p>\u201cFue una mezcla de sensaciones, una experiencia hermosa y muy enriquecedora\u201d, expres\u00f3 el artista.&nbsp; Por Lucas Arcidiacono [&hellip;]<\/p>\n","protected":false},"author":3,"featured_media":13871,"comment_status":"open","ping_status":"open","sticky":false,"template":"","format":"standard","meta":{"_jetpack_memberships_contains_paid_content":false,"footnotes":"","jetpack_publicize_message":"","jetpack_publicize_feature_enabled":true,"jetpack_social_post_already_shared":true,"jetpack_social_options":{"image_generator_settings":{"template":"highway","enabled":false}}},"categories":[14],"tags":[],"jetpack_publicize_connections":[],"jetpack_featured_media_url":"https:\/\/enteculturalsantafesino.com.ar\/usina3\/wp-content\/uploads\/2022\/02\/cb9179bc-e759-48d2-8a1f-1f176026b645.jpg","jetpack_sharing_enabled":true,"_links":{"self":[{"href":"https:\/\/enteculturalsantafesino.com.ar\/usina3\/wp-json\/wp\/v2\/posts\/13870"}],"collection":[{"href":"https:\/\/enteculturalsantafesino.com.ar\/usina3\/wp-json\/wp\/v2\/posts"}],"about":[{"href":"https:\/\/enteculturalsantafesino.com.ar\/usina3\/wp-json\/wp\/v2\/types\/post"}],"author":[{"embeddable":true,"href":"https:\/\/enteculturalsantafesino.com.ar\/usina3\/wp-json\/wp\/v2\/users\/3"}],"replies":[{"embeddable":true,"href":"https:\/\/enteculturalsantafesino.com.ar\/usina3\/wp-json\/wp\/v2\/comments?post=13870"}],"version-history":[{"count":1,"href":"https:\/\/enteculturalsantafesino.com.ar\/usina3\/wp-json\/wp\/v2\/posts\/13870\/revisions"}],"predecessor-version":[{"id":13872,"href":"https:\/\/enteculturalsantafesino.com.ar\/usina3\/wp-json\/wp\/v2\/posts\/13870\/revisions\/13872"}],"wp:featuredmedia":[{"embeddable":true,"href":"https:\/\/enteculturalsantafesino.com.ar\/usina3\/wp-json\/wp\/v2\/media\/13871"}],"wp:attachment":[{"href":"https:\/\/enteculturalsantafesino.com.ar\/usina3\/wp-json\/wp\/v2\/media?parent=13870"}],"wp:term":[{"taxonomy":"category","embeddable":true,"href":"https:\/\/enteculturalsantafesino.com.ar\/usina3\/wp-json\/wp\/v2\/categories?post=13870"},{"taxonomy":"post_tag","embeddable":true,"href":"https:\/\/enteculturalsantafesino.com.ar\/usina3\/wp-json\/wp\/v2\/tags?post=13870"}],"curies":[{"name":"wp","href":"https:\/\/api.w.org\/{rel}","templated":true}]}}