{"id":13873,"date":"2022-02-07T22:15:16","date_gmt":"2022-02-07T22:15:16","guid":{"rendered":"http:\/\/enteculturalsantafesino.com.ar\/usina3\/?p=13873"},"modified":"2022-02-07T22:16:10","modified_gmt":"2022-02-07T22:16:10","slug":"los-molinos-se-suma-al-ente-cultural-santafesino","status":"publish","type":"post","link":"https:\/\/enteculturalsantafesino.com.ar\/usina3\/2022\/02\/los-molinos-se-suma-al-ente-cultural-santafesino\/","title":{"rendered":"Los Molinos se suma al Ente Cultural Santafesino"},"content":{"rendered":"\n<p>El <strong>Presidente Comunal Jorge Paladini<\/strong> junto a <strong>Naiara Gastaldi <\/strong>recibieron en la sede comunal al <strong>Presidente del Ente Cultural Santafesino Claudio Pellegrini<\/strong>, con motivo de hacer entrega de la nota de solicitud, fundamentando la incorporaci\u00f3n de la comunidad perteneciente al Dpto. Caseros a dicho espacio cultural; comprometi\u00e9ndose junto al resto de los integrantes de la Usina III a cumplir con los quehaceres culturales, imbuidos en el precepto de \u201centramado provincial, pluralista y democr\u00e1tico\u201d.<\/p>\n\n\n\n<p>Motivo por lo cual el<strong> Ente Cultural Santafesino<\/strong> ha aceptado la solicitud convirti\u00e9ndose en un nuevo adherente, con la finalidad de generar los espacios de promoci\u00f3n y difusi\u00f3n desde la tarea de \u201cregionalizaci\u00f3n\u201d a trav\u00e9s del desarrollo productivo y cultural de nuestras comunidades santafesinas.<\/p>\n\n\n\n<p>Dicho organismo posibilitar\u00e1 la interacci\u00f3n activa de los distintos organismos culturales de cada comunidad participante, logrando acuerdos y pol\u00edticas que reflejen una mayor y mejor jerarquizaci\u00f3n en las gestiones culturales.<\/p>\n\n\n\n<p><strong>Los Molinos:<\/strong>\u00a0<em>es una localidad perteneciente al departamento Caseros, a 70\u00a0km de\u00a0Rosario\u00a0y a 230\u00a0km de\u00a0Santa Fe, siendo la\u00a0Ruta Provincial 92\u00a0su principal v\u00eda de comunicaci\u00f3n, a la que se sumar\u00e1 la ruta nacional RN 178, que atraviesa la provincia de Norte a Sur. La localidad est\u00e1 ubicada sobre la ruta provincial 92, a 15,3\u00a0km de la ciudad de\u00a0Casilda. La localidad fue declarada \u00abCapital Provincial de la Industria de la Casilla Agr\u00edcola y Vial\u00bb por Ley 12155 del 02\/10\/2003, ya que cuenta con importantes f\u00e1bricas del rubro<\/em>.<\/p>\n\n\n\n<p><\/p>\n","protected":false},"excerpt":{"rendered":"<p>El Presidente Comunal Jorge Paladini junto a Naiara Gastaldi recibieron en la sede comunal al Presidente del [&hellip;]<\/p>\n","protected":false},"author":3,"featured_media":13874,"comment_status":"open","ping_status":"open","sticky":false,"template":"","format":"standard","meta":{"_jetpack_memberships_contains_paid_content":false,"footnotes":"","jetpack_publicize_message":"","jetpack_publicize_feature_enabled":true,"jetpack_social_post_already_shared":true,"jetpack_social_options":{"image_generator_settings":{"template":"highway","enabled":false}}},"categories":[49],"tags":[],"jetpack_publicize_connections":[],"jetpack_featured_media_url":"https:\/\/enteculturalsantafesino.com.ar\/usina3\/wp-content\/uploads\/2022\/02\/02068785-ce5a-4c20-b93c-fd9e5b6e46e9.jpg","jetpack_sharing_enabled":true,"_links":{"self":[{"href":"https:\/\/enteculturalsantafesino.com.ar\/usina3\/wp-json\/wp\/v2\/posts\/13873"}],"collection":[{"href":"https:\/\/enteculturalsantafesino.com.ar\/usina3\/wp-json\/wp\/v2\/posts"}],"about":[{"href":"https:\/\/enteculturalsantafesino.com.ar\/usina3\/wp-json\/wp\/v2\/types\/post"}],"author":[{"embeddable":true,"href":"https:\/\/enteculturalsantafesino.com.ar\/usina3\/wp-json\/wp\/v2\/users\/3"}],"replies":[{"embeddable":true,"href":"https:\/\/enteculturalsantafesino.com.ar\/usina3\/wp-json\/wp\/v2\/comments?post=13873"}],"version-history":[{"count":2,"href":"https:\/\/enteculturalsantafesino.com.ar\/usina3\/wp-json\/wp\/v2\/posts\/13873\/revisions"}],"predecessor-version":[{"id":13876,"href":"https:\/\/enteculturalsantafesino.com.ar\/usina3\/wp-json\/wp\/v2\/posts\/13873\/revisions\/13876"}],"wp:featuredmedia":[{"embeddable":true,"href":"https:\/\/enteculturalsantafesino.com.ar\/usina3\/wp-json\/wp\/v2\/media\/13874"}],"wp:attachment":[{"href":"https:\/\/enteculturalsantafesino.com.ar\/usina3\/wp-json\/wp\/v2\/media?parent=13873"}],"wp:term":[{"taxonomy":"category","embeddable":true,"href":"https:\/\/enteculturalsantafesino.com.ar\/usina3\/wp-json\/wp\/v2\/categories?post=13873"},{"taxonomy":"post_tag","embeddable":true,"href":"https:\/\/enteculturalsantafesino.com.ar\/usina3\/wp-json\/wp\/v2\/tags?post=13873"}],"curies":[{"name":"wp","href":"https:\/\/api.w.org\/{rel}","templated":true}]}}