{"id":14625,"date":"2023-03-09T14:10:50","date_gmt":"2023-03-09T14:10:50","guid":{"rendered":"http:\/\/enteculturalsantafesino.com.ar\/usina3\/?p=14625"},"modified":"2023-03-09T14:10:54","modified_gmt":"2023-03-09T14:10:54","slug":"acebal-se-llevo-a-cabo-el-15-festival-coplas-de-la-orilla","status":"publish","type":"post","link":"https:\/\/enteculturalsantafesino.com.ar\/usina3\/2023\/03\/acebal-se-llevo-a-cabo-el-15-festival-coplas-de-la-orilla\/","title":{"rendered":"Acebal: Se llev\u00f3 a cabo el \u00ab15\u00b0 Festival Coplas de la Orilla\u00bb"},"content":{"rendered":"\n<p>El d\u00eda<strong> s\u00e1bado 4 de marzo<\/strong> se realiz\u00f3 el <strong>15\u00b0 Festival Coplas de la Orilla <\/strong>y se festejo los 75 a\u00f1os del SAMCo local, el mismo concluy\u00f3 en una fiesta popular en el play\u00f3n comunal colmado de gente y alegr\u00eda.<\/p>\n\n\n\n<p>Se presentaron ballets y bandas locales e invitadas con el gran cierre de <strong>N\u00e9stor Garnica<\/strong> declar\u00e1ndose hu\u00e9sped de honor de nuestra localidad, queremos destacar que desde la comisi\u00f3n comunal apoyamos a la cultura local.<\/p>\n","protected":false},"excerpt":{"rendered":"<p>El d\u00eda s\u00e1bado 4 de marzo se realiz\u00f3 el 15\u00b0 Festival Coplas de la Orilla y se [&hellip;]<\/p>\n","protected":false},"author":3,"featured_media":14626,"comment_status":"open","ping_status":"open","sticky":false,"template":"","format":"standard","meta":{"_jetpack_memberships_contains_paid_content":false,"footnotes":"","jetpack_publicize_message":"","jetpack_publicize_feature_enabled":true,"jetpack_social_post_already_shared":true,"jetpack_social_options":{"image_generator_settings":{"template":"highway","enabled":false}}},"categories":[14],"tags":[],"jetpack_publicize_connections":[],"jetpack_featured_media_url":"https:\/\/enteculturalsantafesino.com.ar\/usina3\/wp-content\/uploads\/2023\/03\/333213648_157505023453195_6918047355254259819_n.jpg","jetpack_sharing_enabled":true,"_links":{"self":[{"href":"https:\/\/enteculturalsantafesino.com.ar\/usina3\/wp-json\/wp\/v2\/posts\/14625"}],"collection":[{"href":"https:\/\/enteculturalsantafesino.com.ar\/usina3\/wp-json\/wp\/v2\/posts"}],"about":[{"href":"https:\/\/enteculturalsantafesino.com.ar\/usina3\/wp-json\/wp\/v2\/types\/post"}],"author":[{"embeddable":true,"href":"https:\/\/enteculturalsantafesino.com.ar\/usina3\/wp-json\/wp\/v2\/users\/3"}],"replies":[{"embeddable":true,"href":"https:\/\/enteculturalsantafesino.com.ar\/usina3\/wp-json\/wp\/v2\/comments?post=14625"}],"version-history":[{"count":1,"href":"https:\/\/enteculturalsantafesino.com.ar\/usina3\/wp-json\/wp\/v2\/posts\/14625\/revisions"}],"predecessor-version":[{"id":14627,"href":"https:\/\/enteculturalsantafesino.com.ar\/usina3\/wp-json\/wp\/v2\/posts\/14625\/revisions\/14627"}],"wp:featuredmedia":[{"embeddable":true,"href":"https:\/\/enteculturalsantafesino.com.ar\/usina3\/wp-json\/wp\/v2\/media\/14626"}],"wp:attachment":[{"href":"https:\/\/enteculturalsantafesino.com.ar\/usina3\/wp-json\/wp\/v2\/media?parent=14625"}],"wp:term":[{"taxonomy":"category","embeddable":true,"href":"https:\/\/enteculturalsantafesino.com.ar\/usina3\/wp-json\/wp\/v2\/categories?post=14625"},{"taxonomy":"post_tag","embeddable":true,"href":"https:\/\/enteculturalsantafesino.com.ar\/usina3\/wp-json\/wp\/v2\/tags?post=14625"}],"curies":[{"name":"wp","href":"https:\/\/api.w.org\/{rel}","templated":true}]}}