{"id":14797,"date":"2023-06-07T17:26:04","date_gmt":"2023-06-07T17:26:04","guid":{"rendered":"http:\/\/enteculturalsantafesino.com.ar\/usina3\/?p=14797"},"modified":"2023-06-07T17:33:43","modified_gmt":"2023-06-07T17:33:43","slug":"la-comunidad-de-santa-isabel-disfruto-de-las-muestras-arte-en-pelotas-y-campeones","status":"publish","type":"post","link":"https:\/\/enteculturalsantafesino.com.ar\/usina3\/2023\/06\/la-comunidad-de-santa-isabel-disfruto-de-las-muestras-arte-en-pelotas-y-campeones\/","title":{"rendered":"La comunidad de Santa Isabel disfrut\u00f3 de \u00abArte en Pelotas\u00bb y \u00abCampeones\u00bb"},"content":{"rendered":"\n<p>El\u00a0<strong>viernes 2 de junio\u00a0<\/strong>la <strong>responsable del Ente Cultural Santafesino Lic. Claudia Giaccone<\/strong>, el<strong> Presidente Comunal Pablo Giorgis<\/strong>, el <strong>Secretario de Cultura local Ernesto Sunder<\/strong>, el artista isabelense <strong>Guillermo Gigena <\/strong>e instituciones intermedias estuvieron presentes en el cierre de las Muestras\u00a0<strong>\u00abArte en Pelotas\u00bb\u00a0<\/strong>y\u00a0<strong>\u00abCampeones\u00bb<\/strong>\u00a0en el\u00a0<strong>Complejo Cultural Centenario<\/strong>.<\/p>\n\n\n\n<p>Dicho programa fue generado desde los\u00a0<strong>Ente Culturales Santafesino\u00a0y\u00a0Cordob\u00e9s\u00a0<\/strong>durante el 2022, exponiendo un centenar de obras de arte sobre balones de futbol, originados desde comunidades santafesinas y del sudeste cordob\u00e9s.<\/p>\n\n\n\n<p><em>\u00abQuiero felicitar a la gesti\u00f3n comunal y a toda el \u00e1rea de cultura por la organizaci\u00f3n, dedicaci\u00f3n y profesionalismo; volcado en el armado y exhibici\u00f3n de dichas propuestas\u00bb. \u00abLa respuesta de toda una comunidad a las casi 100 obras de artes, son un incentivo y satisfacci\u00f3n al trabajo anhelado para este 2023\u00bb<\/em> manifest\u00f3<strong>\u00a0Claudia Giaccone<\/strong>.<\/p>\n\n\n\n<p><em>El programa&nbsp;<strong>\u00abArte en Pelotas\u00bb<\/strong>&nbsp;consiste en la intervenci\u00f3n art\u00edstica sobre pelotas de f\u00fatbol, las cuales son pintadas en forma colectiva o individual. En dicha producci\u00f3n se refleja la idiosincrasia, el paisaje, la historia y el esp\u00edritu deportivo de cada comunidad participante.<\/em><\/p>\n\n\n\n<p><strong>Muestra itinerante \u201cCampeones\u201d<\/strong>&nbsp;<\/p>\n\n\n\n<p>Dicha propuesta impulsada por el&nbsp;<strong>Ente Cultural Santafesino<\/strong>&nbsp;y&nbsp;<strong>Cordob\u00e9s<\/strong>,&nbsp; gestaron a trav\u00e9s de las obras del artista&nbsp;<strong>Alfredo Blanco (Alfy)<\/strong>, esta propuesta que reconoce a los<strong>&nbsp;Campeones Mundiales 1978, 1986 y 2022<\/strong>, nacidos en las provincias de Santa Fe y C\u00f3rdoba.-<\/p>\n\n\n\n<p><strong>Alfredo Blanco<\/strong>,&nbsp;<em>m\u00e9dico pediatra, creador de caricaturas, ilustraciones y publicidades. Autor del \u00abDiego Alado\u00bb. Habitante del barrio de Villa Celina.<\/em><\/p>\n\n\n\n<p>La muestra sigue girando entre las localidades del Sudeste Cordob\u00e9s para llegar duante el mes de abril al territorio santafesino.<\/p>\n\n\n\n<p><strong><em>Muestra \u201cCampeones\u201d<\/em><\/strong><br><strong>Daniel Killer<\/strong>,&nbsp;<strong><em>C\u00e9sar Menotti&nbsp;<\/em><\/strong>y<strong>&nbsp;Sergio Almir\u00f3n<\/strong>&nbsp;(Rosario),<strong>&nbsp;Leopoldo Luque&nbsp;<\/strong>y<strong>&nbsp;Pedro Pasculli&nbsp;<\/strong>en la capital provincial;&nbsp;<strong>N\u00e9stor Clausen<\/strong>&nbsp;(Arruf\u00f3),&nbsp;<strong>Ricardo Giusti<\/strong>&nbsp;(Albarellos)<strong>&nbsp;Nery Pumpido<\/strong>&nbsp;(Monje),<strong>&nbsp;H\u00e9ctor Zelada&nbsp;<\/strong>(Maciel),&nbsp;<strong>Jorge Valdano<\/strong>&nbsp;(Las Parejas ) y&nbsp;<strong>Marcelo Trobbiani<\/strong>&nbsp;(Casilda)<\/p>\n\n\n\n<p><strong>Lionel Messi, \u00c1ngel Di Maria y \u00c1ngel Correa\u00a0<\/strong>(Rosario),<strong>\u00a0Franco Armani<\/strong>\u00a0(Casilda),\u00a0<strong>Walter Samuel<\/strong>\u00a0(Firmat) y\u00a0<strong>Lionel Scaloni\u00a0<\/strong>(Pujato).<\/p>\n\n\n\n<div class=\"wp-block-jetpack-slideshow aligncenter\" data-effect=\"slide\"><div class=\"wp-block-jetpack-slideshow_container swiper-container\"><ul class=\"wp-block-jetpack-slideshow_swiper-wrapper swiper-wrapper\"><li class=\"wp-block-jetpack-slideshow_slide swiper-slide\"><figure><img loading=\"lazy\" decoding=\"async\" width=\"1024\" height=\"680\" alt=\"\" class=\"wp-block-jetpack-slideshow_image wp-image-14802\" data-id=\"14802\" src=\"http:\/\/enteculturalsantafesino.com.ar\/usina3\/wp-content\/uploads\/2023\/06\/f29383ab-dfa7-42db-810b-032ab7a91ab7-1024x680.jpg\" srcset=\"https:\/\/enteculturalsantafesino.com.ar\/usina3\/wp-content\/uploads\/2023\/06\/f29383ab-dfa7-42db-810b-032ab7a91ab7-1024x680.jpg 1024w, https:\/\/enteculturalsantafesino.com.ar\/usina3\/wp-content\/uploads\/2023\/06\/f29383ab-dfa7-42db-810b-032ab7a91ab7-300x199.jpg 300w, https:\/\/enteculturalsantafesino.com.ar\/usina3\/wp-content\/uploads\/2023\/06\/f29383ab-dfa7-42db-810b-032ab7a91ab7-768x510.jpg 768w, https:\/\/enteculturalsantafesino.com.ar\/usina3\/wp-content\/uploads\/2023\/06\/f29383ab-dfa7-42db-810b-032ab7a91ab7-589x392.jpg 589w, https:\/\/enteculturalsantafesino.com.ar\/usina3\/wp-content\/uploads\/2023\/06\/f29383ab-dfa7-42db-810b-032ab7a91ab7.jpg 1200w\" sizes=\"(max-width: 1024px) 100vw, 1024px\" \/><\/figure><\/li><li class=\"wp-block-jetpack-slideshow_slide swiper-slide\"><figure><img loading=\"lazy\" decoding=\"async\" width=\"1024\" height=\"680\" alt=\"\" class=\"wp-block-jetpack-slideshow_image wp-image-14801\" data-id=\"14801\" src=\"http:\/\/enteculturalsantafesino.com.ar\/usina3\/wp-content\/uploads\/2023\/06\/bf8b8910-724b-4fcf-922e-9608c49ba00d-1024x680.jpg\" srcset=\"https:\/\/enteculturalsantafesino.com.ar\/usina3\/wp-content\/uploads\/2023\/06\/bf8b8910-724b-4fcf-922e-9608c49ba00d-1024x680.jpg 1024w, https:\/\/enteculturalsantafesino.com.ar\/usina3\/wp-content\/uploads\/2023\/06\/bf8b8910-724b-4fcf-922e-9608c49ba00d-300x199.jpg 300w, https:\/\/enteculturalsantafesino.com.ar\/usina3\/wp-content\/uploads\/2023\/06\/bf8b8910-724b-4fcf-922e-9608c49ba00d-768x510.jpg 768w, https:\/\/enteculturalsantafesino.com.ar\/usina3\/wp-content\/uploads\/2023\/06\/bf8b8910-724b-4fcf-922e-9608c49ba00d-589x392.jpg 589w, https:\/\/enteculturalsantafesino.com.ar\/usina3\/wp-content\/uploads\/2023\/06\/bf8b8910-724b-4fcf-922e-9608c49ba00d.jpg 1200w\" sizes=\"(max-width: 1024px) 100vw, 1024px\" \/><\/figure><\/li><li class=\"wp-block-jetpack-slideshow_slide swiper-slide\"><figure><img loading=\"lazy\" decoding=\"async\" width=\"1024\" height=\"680\" alt=\"\" class=\"wp-block-jetpack-slideshow_image wp-image-14800\" data-id=\"14800\" src=\"http:\/\/enteculturalsantafesino.com.ar\/usina3\/wp-content\/uploads\/2023\/06\/2a679d61-ef8b-4365-8524-5e112186ab6d-1024x680.jpg\" srcset=\"https:\/\/enteculturalsantafesino.com.ar\/usina3\/wp-content\/uploads\/2023\/06\/2a679d61-ef8b-4365-8524-5e112186ab6d-1024x680.jpg 1024w, https:\/\/enteculturalsantafesino.com.ar\/usina3\/wp-content\/uploads\/2023\/06\/2a679d61-ef8b-4365-8524-5e112186ab6d-300x199.jpg 300w, https:\/\/enteculturalsantafesino.com.ar\/usina3\/wp-content\/uploads\/2023\/06\/2a679d61-ef8b-4365-8524-5e112186ab6d-768x510.jpg 768w, https:\/\/enteculturalsantafesino.com.ar\/usina3\/wp-content\/uploads\/2023\/06\/2a679d61-ef8b-4365-8524-5e112186ab6d-589x392.jpg 589w, https:\/\/enteculturalsantafesino.com.ar\/usina3\/wp-content\/uploads\/2023\/06\/2a679d61-ef8b-4365-8524-5e112186ab6d.jpg 1200w\" sizes=\"(max-width: 1024px) 100vw, 1024px\" \/><\/figure><\/li><li class=\"wp-block-jetpack-slideshow_slide swiper-slide\"><figure><img loading=\"lazy\" decoding=\"async\" width=\"1024\" height=\"680\" alt=\"\" class=\"wp-block-jetpack-slideshow_image wp-image-14799\" data-id=\"14799\" src=\"http:\/\/enteculturalsantafesino.com.ar\/usina3\/wp-content\/uploads\/2023\/06\/1e72c692-8ab8-4252-b443-ec9cc96cfd32-1024x680.jpg\" srcset=\"https:\/\/enteculturalsantafesino.com.ar\/usina3\/wp-content\/uploads\/2023\/06\/1e72c692-8ab8-4252-b443-ec9cc96cfd32-1024x680.jpg 1024w, https:\/\/enteculturalsantafesino.com.ar\/usina3\/wp-content\/uploads\/2023\/06\/1e72c692-8ab8-4252-b443-ec9cc96cfd32-300x199.jpg 300w, https:\/\/enteculturalsantafesino.com.ar\/usina3\/wp-content\/uploads\/2023\/06\/1e72c692-8ab8-4252-b443-ec9cc96cfd32-768x510.jpg 768w, https:\/\/enteculturalsantafesino.com.ar\/usina3\/wp-content\/uploads\/2023\/06\/1e72c692-8ab8-4252-b443-ec9cc96cfd32-589x392.jpg 589w, https:\/\/enteculturalsantafesino.com.ar\/usina3\/wp-content\/uploads\/2023\/06\/1e72c692-8ab8-4252-b443-ec9cc96cfd32.jpg 1200w\" sizes=\"(max-width: 1024px) 100vw, 1024px\" \/><\/figure><\/li><\/ul><a class=\"wp-block-jetpack-slideshow_button-prev swiper-button-prev swiper-button-white\" role=\"button\"><\/a><a class=\"wp-block-jetpack-slideshow_button-next swiper-button-next swiper-button-white\" role=\"button\"><\/a><a aria-label=\"Pause Slideshow\" class=\"wp-block-jetpack-slideshow_button-pause\" role=\"button\"><\/a><div class=\"wp-block-jetpack-slideshow_pagination swiper-pagination swiper-pagination-white\"><\/div><\/div><\/div>\n","protected":false},"excerpt":{"rendered":"<p>El\u00a0viernes 2 de junio\u00a0la responsable del Ente Cultural Santafesino Lic. Claudia Giaccone, el Presidente Comunal Pablo Giorgis, [&hellip;]<\/p>\n","protected":false},"author":3,"featured_media":14798,"comment_status":"open","ping_status":"open","sticky":false,"template":"","format":"standard","meta":{"_jetpack_memberships_contains_paid_content":false,"footnotes":"","jetpack_publicize_message":"","jetpack_publicize_feature_enabled":true,"jetpack_social_post_already_shared":true,"jetpack_social_options":{"image_generator_settings":{"template":"highway","enabled":false}}},"categories":[4,3],"tags":[],"jetpack_publicize_connections":[],"jetpack_featured_media_url":"https:\/\/enteculturalsantafesino.com.ar\/usina3\/wp-content\/uploads\/2023\/06\/7286291f-9213-47e6-942c-7f1f6dd53f75.jpg","jetpack_sharing_enabled":true,"_links":{"self":[{"href":"https:\/\/enteculturalsantafesino.com.ar\/usina3\/wp-json\/wp\/v2\/posts\/14797"}],"collection":[{"href":"https:\/\/enteculturalsantafesino.com.ar\/usina3\/wp-json\/wp\/v2\/posts"}],"about":[{"href":"https:\/\/enteculturalsantafesino.com.ar\/usina3\/wp-json\/wp\/v2\/types\/post"}],"author":[{"embeddable":true,"href":"https:\/\/enteculturalsantafesino.com.ar\/usina3\/wp-json\/wp\/v2\/users\/3"}],"replies":[{"embeddable":true,"href":"https:\/\/enteculturalsantafesino.com.ar\/usina3\/wp-json\/wp\/v2\/comments?post=14797"}],"version-history":[{"count":2,"href":"https:\/\/enteculturalsantafesino.com.ar\/usina3\/wp-json\/wp\/v2\/posts\/14797\/revisions"}],"predecessor-version":[{"id":14805,"href":"https:\/\/enteculturalsantafesino.com.ar\/usina3\/wp-json\/wp\/v2\/posts\/14797\/revisions\/14805"}],"wp:featuredmedia":[{"embeddable":true,"href":"https:\/\/enteculturalsantafesino.com.ar\/usina3\/wp-json\/wp\/v2\/media\/14798"}],"wp:attachment":[{"href":"https:\/\/enteculturalsantafesino.com.ar\/usina3\/wp-json\/wp\/v2\/media?parent=14797"}],"wp:term":[{"taxonomy":"category","embeddable":true,"href":"https:\/\/enteculturalsantafesino.com.ar\/usina3\/wp-json\/wp\/v2\/categories?post=14797"},{"taxonomy":"post_tag","embeddable":true,"href":"https:\/\/enteculturalsantafesino.com.ar\/usina3\/wp-json\/wp\/v2\/tags?post=14797"}],"curies":[{"name":"wp","href":"https:\/\/api.w.org\/{rel}","templated":true}]}}