{"id":14873,"date":"2023-08-28T14:18:03","date_gmt":"2023-08-28T14:18:03","guid":{"rendered":"http:\/\/enteculturalsantafesino.com.ar\/usina3\/?p=14873"},"modified":"2023-08-28T14:18:08","modified_gmt":"2023-08-28T14:18:08","slug":"pinero-fue-sede-de-la-instancia-regional-del-torneo-provincial-de-bolitas","status":"publish","type":"post","link":"https:\/\/enteculturalsantafesino.com.ar\/usina3\/2023\/08\/pinero-fue-sede-de-la-instancia-regional-del-torneo-provincial-de-bolitas\/","title":{"rendered":"Pi\u00f1ero fue sede de la instancia regional del \u00abTorneo Provincial de Bolitas\u00bb"},"content":{"rendered":"\n<p>Este <strong>domingo 27 de agosto<\/strong>, en el marco de la celebraci\u00f3n del <strong>D\u00eda de las Infancias<\/strong> en la localidad de <strong>Pi\u00f1ero<\/strong>, se disput\u00f3 la <strong>instancia regional<\/strong> de la <strong>Usina III Norte <\/strong>del <strong>5\u00b0 Torneo Provincial de Bolitas \u201cCopa 15 a\u00f1os del Ente Cultural Santafesino\u201d <\/strong>organizado por dicho espacio con el apoyo comunal.<\/p>\n\n\n\n<p>La jornada se desarroll\u00f3 pasada las<strong> 14hs <\/strong>en el predio comunal frente a la <strong>Plaza San Mart\u00edn<\/strong> de la localidad de <strong>Pi\u00f1ero<\/strong>, donde compitieron por las categor\u00edas A, B y C.<\/p>\n\n\n\n<p>Participaron las localidades de <strong>Albarellos, \u00c1lvarez, Pav\u00f3n Arriba y Pi\u00f1ero.<\/strong><br><strong>Los ganadores fueron:<\/strong><br><strong>Valentin Corrales <\/strong>(\u00c1lvarez) &#8211; Ganador Instancia Regional<strong> Categor\u00eda A<\/strong><br><strong>Yael Grifero<\/strong> (Pi\u00f1ero) &#8211; Ganador Instancia Regional<strong> Categor\u00eda B<\/strong><br><strong>Nazareno Ben\u00edtez<\/strong> ( Pi\u00f1ero) &#8211; Ganador Instancia Regional <strong>Categor\u00eda C<\/strong>.<\/p>\n\n\n\n<p>El&nbsp;<strong>Ente Cultural Santafesino<\/strong>&nbsp;junto a&nbsp;<strong>Claudia Giaccone<\/strong>, coordinan y auspician el&nbsp;\u201c5to Torneo Provincial de Bolitas\u201d,&nbsp;repitiendo las exitosas experiencias de a\u00f1os anteriores y recogiendo esta actividad l\u00fadica&nbsp;la cual se&nbsp;extiende en m\u00e1s de cien comunidades, buscando difundir no solo el tradicional juego, sino tambi\u00e9n la producci\u00f3n y la cultura del trabajo.<\/p>\n\n\n\n<p>El certamen cuenta con competencias locales, luego regionales y la gran final que ser\u00e1 en la ciudad de San Jorge (en septiembre) posibilitando que los participantes recorran la primera f\u00e1brica argentina de Bolitas de Cristal.<\/p>\n\n\n\n<p><br><\/p>\n","protected":false},"excerpt":{"rendered":"<p>Este domingo 27 de agosto, en el marco de la celebraci\u00f3n del D\u00eda de las Infancias en [&hellip;]<\/p>\n","protected":false},"author":3,"featured_media":14874,"comment_status":"open","ping_status":"open","sticky":false,"template":"","format":"standard","meta":{"_jetpack_memberships_contains_paid_content":false,"footnotes":"","jetpack_publicize_message":"","jetpack_publicize_feature_enabled":true,"jetpack_social_post_already_shared":true,"jetpack_social_options":{"image_generator_settings":{"template":"highway","enabled":false}}},"categories":[38],"tags":[],"jetpack_publicize_connections":[],"jetpack_featured_media_url":"https:\/\/enteculturalsantafesino.com.ar\/usina3\/wp-content\/uploads\/2023\/08\/ab0b5b3d-0bdd-41e1-90f1-21e85f3f7078.jpg","jetpack_sharing_enabled":true,"_links":{"self":[{"href":"https:\/\/enteculturalsantafesino.com.ar\/usina3\/wp-json\/wp\/v2\/posts\/14873"}],"collection":[{"href":"https:\/\/enteculturalsantafesino.com.ar\/usina3\/wp-json\/wp\/v2\/posts"}],"about":[{"href":"https:\/\/enteculturalsantafesino.com.ar\/usina3\/wp-json\/wp\/v2\/types\/post"}],"author":[{"embeddable":true,"href":"https:\/\/enteculturalsantafesino.com.ar\/usina3\/wp-json\/wp\/v2\/users\/3"}],"replies":[{"embeddable":true,"href":"https:\/\/enteculturalsantafesino.com.ar\/usina3\/wp-json\/wp\/v2\/comments?post=14873"}],"version-history":[{"count":1,"href":"https:\/\/enteculturalsantafesino.com.ar\/usina3\/wp-json\/wp\/v2\/posts\/14873\/revisions"}],"predecessor-version":[{"id":14875,"href":"https:\/\/enteculturalsantafesino.com.ar\/usina3\/wp-json\/wp\/v2\/posts\/14873\/revisions\/14875"}],"wp:featuredmedia":[{"embeddable":true,"href":"https:\/\/enteculturalsantafesino.com.ar\/usina3\/wp-json\/wp\/v2\/media\/14874"}],"wp:attachment":[{"href":"https:\/\/enteculturalsantafesino.com.ar\/usina3\/wp-json\/wp\/v2\/media?parent=14873"}],"wp:term":[{"taxonomy":"category","embeddable":true,"href":"https:\/\/enteculturalsantafesino.com.ar\/usina3\/wp-json\/wp\/v2\/categories?post=14873"},{"taxonomy":"post_tag","embeddable":true,"href":"https:\/\/enteculturalsantafesino.com.ar\/usina3\/wp-json\/wp\/v2\/tags?post=14873"}],"curies":[{"name":"wp","href":"https:\/\/api.w.org\/{rel}","templated":true}]}}