{"id":14915,"date":"2023-10-08T09:09:07","date_gmt":"2023-10-08T09:09:07","guid":{"rendered":"http:\/\/enteculturalsantafesino.com.ar\/usina3\/?p=14915"},"modified":"2023-10-08T09:09:12","modified_gmt":"2023-10-08T09:09:12","slug":"teodelina-octubre-a-puro-teatro","status":"publish","type":"post","link":"https:\/\/enteculturalsantafesino.com.ar\/usina3\/2023\/10\/teodelina-octubre-a-puro-teatro\/","title":{"rendered":"Teodelina: Octubre a puro Teatro"},"content":{"rendered":"\n<p>Como todos los octubres, desde hace 31 a\u00f1os, Teodelina ser\u00e1 sede del Encuentro Interprovincial de Teatro \u201cJos\u00e9 L. Maronna\u201d que, organizado por el Grupo Carlos Gaggeri, se llevar\u00e1 a cabo en la Sala Horacio Caimi del Complejo Cultural Julio G. Mart\u00edn.<\/p>\n\n\n\n<p>Las cuatro jornadas comenzar\u00e1n el viernes 13 de octubre (d\u00eda feriado), con otra innovaci\u00f3n: en vez del tradicional desfile de instituciones, se convoc\u00f3 a Laura Garc\u00eda, una artista de 9 de Julio, quien dictar\u00e1 un taller para toda la familia: la realizaci\u00f3n de un t\u00edtere con papel de diario entre los chicos y sus padres, frente al teatro.<\/p>\n\n\n\n<p>Si bien desde la organizaci\u00f3n se les proveer\u00e1 del material necesario, se solicita que quien tenga la posibilidad de concurrir con diarios viejos, lo haga como forma de colaborar con quienes no tengan.<\/p>\n\n\n\n<p>Culminado este taller, comenzar\u00e1 la primera obra de teatro infantil, a cargo de un elenco de Bragado, titulada \u201cSopa\u2026 \u00bfde qu\u00e9?\u201d, que aborda la historia de un viajero que llega a un pueblo y propone preparar una sopa de piedra.<\/p>\n\n\n\n<p>Luego, a las 19.30, se presentar\u00e1 la obra para adultos \u201cLa balada del \u00e1lamo Carolina\u201d. Esta propuesta llega desde Chacabuco, y enfrenta al espectador a un paradigma: pensar que los d\u00edas de un \u00e1rbol son todos iguales<\/p>\n\n\n\n<p>A las 21, el Encuentro continuar\u00e1 con el montaje de \u201cPerros\u201d, una obra de teatro que llega desde General Rodr\u00edguez (Buenos Aires), sencilla, delicada, emocionante: un hombre de campo que se compra un perro para adiestrarlo y convertirlo en un campe\u00f3n. Sin embargo, la vida le da una sorpresa\u2026 y una lecci\u00f3n de amor.<\/p>\n\n\n\n<p>A las 22.45, el tel\u00f3n volver\u00e1 a correrse con la presentaci\u00f3n de un elenco de Rosario (Santa Fe), que llega con la obra \u201cHotel Piaff\u201d, la historia de la se\u00f1ora \u00abM\u00bb, que quiere recuperar los a\u00f1os de esplendor de su hotel y para ello contrata a una joven propensa a desastres.<br>Es importante destacar que, entre funci\u00f3n y funci\u00f3n, y a manera de patio gastron\u00f3mico, habr\u00e1 mesas y sillas en la vereda del teatro, para que el p\u00fablico pueda esperar degustando alguna de las propuestas de comida que se ofrecer\u00e1n en el lugar.<\/p>\n\n\n\n<p>El s\u00e1bado, la actividad comenzar\u00e1 a las 16, con la puesta en escena de la obra infantil \u201cEl lobo feroz\u201d, de un elenco de Jun\u00edn (Buenos Aires), donde se cuenta la vida de Ricardo, un lobo muy educado y amable, pero mal juzgado por un relato del cual no fue part\u00edcipe.<br>A las 19, llega desde 30 de Agosto (Buenos Aires), llegar\u00e1 una de las mejores obras del dramaturgo Carlos Gorostiza: \u201cAeroplanos\u201d, la historia de dos amigos entra\u00f1ables que se conocen desde hace a\u00f1os y ofrecen un intercambio de humor, ternura y solidaridad.<\/p>\n\n\n\n<p>A las 21, desde Buenos Aires llega la obra \u201cVentilaci\u00f3n cruzada\u201d, en la que dos actrices, con grandes toques de comedia, hablan sobre el encierro, la memoria, lo imposible. Dos mujeres ri\u00e9ndose de sus l\u00e1grimas cuando el viento las choca de frente y les arruga la cara.<br>Para finalizar el d\u00eda, a las 23 se presentar\u00e1 la obra \u201cPater\u201d, a cargo de un elenco de Las Flores (Buenos Aires), donde las protagonistas son dos maestras de jard\u00edn de infantes y el padre de un alumno. A trav\u00e9s del humor grotesco, proponen una reflexi\u00f3n sobre el sistema educativo.<\/p>\n\n\n\n<p>El domingo, la actividad comenzar\u00e1 a las 16, con un elenco mixto que representa a Neuqu\u00e9n y a Santa Fe, con la obra \u201cEl cuenco, fantas\u00edas desarmables\u201d, la historia de una ni\u00f1a que est\u00e1 en su casa con su familia: un padre cansado por el trabajo en la f\u00e1brica, una madre desbordada por su trabajo de contadora y por las tareas de la casa.<\/p>\n\n\n\n<p>A las 19, desde Mendoza llega \u201cFinal de partida\u201d, una desafiante e interesante obra de teatro que cuenta la historia de un viejo amo que est\u00e1 ciego y no puede permanecer de pie, y su sirviente, que no puede sentarse.<\/p>\n\n\n\n<p>Posteriormente, a las 21.15, es el turno de \u201cFotofobia\u201d; proveniente de Neuqu\u00e9n. Un actor, acompa\u00f1ado por recursos teatrales sorprendentes, cuenta una historia que tiene que ver con el miedo a la luminosidad que es la existencia.<\/p>\n\n\n\n<p>Para finalizar el domingo, llega una de las propuestas m\u00e1s esperadas: \u201cLas preciosas rid\u00edculas\u201d, montada por el elenco estable de la Universidad Nacional de Cuyo, quienes reversionaron la obra cl\u00e1sica de Moliere, donde la literatura, la danza y la declamaci\u00f3n se manifestaban con un enorme grado de exageraci\u00f3n y afectaci\u00f3n.<\/p>\n\n\n\n<p>El lunes 16, tambi\u00e9n feriado, marcar\u00e1 el cierre del 31\u00b0 Encuentro de teatro, comenzando la jornada a las 16 con la presentaci\u00f3n de la obra \u201cLos chuchos\u201d, elenco oriundo de San Lorenzo (Santa Fe), en la que se cuenta las aventuras de cuatro personajes de leyendas de las provincias argentinas: La Luz Mala, La Chancha Encadenada, El Pombero y La Solapa.<\/p>\n\n\n\n<p>A las 19.45, el Encuentro contin\u00faa con \u201cTodo verde\u201d; la historia de una repostera que, sin m\u00e1s herramientas que su cuerpo, nos invita a su peque\u00f1o mundo, aparentemente sencillo.<\/p>\n\n\n\n<p>Finalmente, a las 21, desde Trenque Lauquen (Buenos Aires) llega \u201cUn viejo que se pone de pie\u201d, una interesante propuesta teatral que mezcla el relato, la m\u00fasica y elementos tecno conviviales, para hablar de f\u00fatbol, de las complejas pasiones humanas del barrio, la infancia y otros temas.<\/p>\n\n\n\n<p>Cabe aclarar que, al igual que en ediciones anteriores, las funciones son con entrada libre (salida a la gorra), y que cada una de ellas comenzar\u00e1 puntualmente, para respetar el organigrama de trabajo.<\/p>\n","protected":false},"excerpt":{"rendered":"<p>Como todos los octubres, desde hace 31 a\u00f1os, Teodelina ser\u00e1 sede del Encuentro Interprovincial de Teatro \u201cJos\u00e9 [&hellip;]<\/p>\n","protected":false},"author":3,"featured_media":14916,"comment_status":"open","ping_status":"open","sticky":false,"template":"","format":"standard","meta":{"_jetpack_memberships_contains_paid_content":false,"footnotes":"","jetpack_publicize_message":"","jetpack_publicize_feature_enabled":true,"jetpack_social_post_already_shared":true,"jetpack_social_options":{"image_generator_settings":{"template":"highway","enabled":false}}},"categories":[58],"tags":[],"jetpack_publicize_connections":[],"jetpack_featured_media_url":"https:\/\/enteculturalsantafesino.com.ar\/usina3\/wp-content\/uploads\/2023\/10\/TEODELINA.-Octubre-a-puro-teatro-scaled-1.jpeg","jetpack_sharing_enabled":true,"_links":{"self":[{"href":"https:\/\/enteculturalsantafesino.com.ar\/usina3\/wp-json\/wp\/v2\/posts\/14915"}],"collection":[{"href":"https:\/\/enteculturalsantafesino.com.ar\/usina3\/wp-json\/wp\/v2\/posts"}],"about":[{"href":"https:\/\/enteculturalsantafesino.com.ar\/usina3\/wp-json\/wp\/v2\/types\/post"}],"author":[{"embeddable":true,"href":"https:\/\/enteculturalsantafesino.com.ar\/usina3\/wp-json\/wp\/v2\/users\/3"}],"replies":[{"embeddable":true,"href":"https:\/\/enteculturalsantafesino.com.ar\/usina3\/wp-json\/wp\/v2\/comments?post=14915"}],"version-history":[{"count":1,"href":"https:\/\/enteculturalsantafesino.com.ar\/usina3\/wp-json\/wp\/v2\/posts\/14915\/revisions"}],"predecessor-version":[{"id":14917,"href":"https:\/\/enteculturalsantafesino.com.ar\/usina3\/wp-json\/wp\/v2\/posts\/14915\/revisions\/14917"}],"wp:featuredmedia":[{"embeddable":true,"href":"https:\/\/enteculturalsantafesino.com.ar\/usina3\/wp-json\/wp\/v2\/media\/14916"}],"wp:attachment":[{"href":"https:\/\/enteculturalsantafesino.com.ar\/usina3\/wp-json\/wp\/v2\/media?parent=14915"}],"wp:term":[{"taxonomy":"category","embeddable":true,"href":"https:\/\/enteculturalsantafesino.com.ar\/usina3\/wp-json\/wp\/v2\/categories?post=14915"},{"taxonomy":"post_tag","embeddable":true,"href":"https:\/\/enteculturalsantafesino.com.ar\/usina3\/wp-json\/wp\/v2\/tags?post=14915"}],"curies":[{"name":"wp","href":"https:\/\/api.w.org\/{rel}","templated":true}]}}