{"id":14975,"date":"2023-11-23T09:12:45","date_gmt":"2023-11-23T09:12:45","guid":{"rendered":"http:\/\/enteculturalsantafesino.com.ar\/usina3\/?p=14975"},"modified":"2023-11-23T09:12:48","modified_gmt":"2023-11-23T09:12:48","slug":"en-teodelina-se-inicio-la-gira-del-museo-del-perfume","status":"publish","type":"post","link":"https:\/\/enteculturalsantafesino.com.ar\/usina3\/2023\/11\/en-teodelina-se-inicio-la-gira-del-museo-del-perfume\/","title":{"rendered":"En Teodelina se inici\u00f3 la gira del \u00abMuseo del Perfume\u00bb"},"content":{"rendered":"\n<p>En la imponente <strong>Sala Horacio Caimi Centro Cultural \u00abJulio G. Mart\u00edn\u00bb<\/strong>, durante la noche del <strong>jueves 23<\/strong> se desarroll\u00f3 la primera jornada de la<strong>\u00a0\u00abConferencia Olfativa\u00bb: \u00abDe dioses y reyes: Una historia perfumada que llega al R\u00edo dela Plata\u00bb<\/strong>\u00a0a cargo de la\u00a0<strong>Directora del Museo del Perfume: Diana Avellaneda.<\/strong><\/p>\n\n\n\n<p>A trav\u00e9s del\u00a0<strong>Ente Cultural Santafesino y Cordob\u00e9s, la Comuna de Tedelina, Municipalidad de Noetinger y la Municipalidad de las Rosas<\/strong> lleg\u00f3 nuevamente esta propuesta que re\u00fane los aromas, la historia e informaci\u00f3n sobre la industria del perfume.<\/p>\n\n\n\n<p>De la jornada participaron el\u00a0<em>Jefe de Gobierno Joaqu\u00edn Poleri, la responsable del ECS Lic. Claudia Giaccone, Pablo Leger a cargo de Gesti\u00f3n Cultural, Cecilia De Francesco -Directora de la Usina III y un nutrido auditorio que disfrut\u00f3 y recorri\u00f3 los caminos del perfume. <\/em><\/p>\n\n\n\n<p><strong>Claudia Giaccone<\/strong>\u00a0resalt\u00f3 la importancia de contar (por segunda vez) con la presencia de Diana quien es h<em>istoriadora de Arte, Directora del Museo del Perfume de Buenos Aires (con el respaldo de la Asociaci\u00f3n Biblioteca de Mujeres (ABM), sede hist\u00f3rica del Museo)<\/em>;\u00a0<em>adem\u00e1s nos permite descubrir mucho m\u00e1s sobre los secretos del perfume en la historia nacional e internacional\u00bb<\/em><\/p>\n\n\n\n<p>La&nbsp;<strong>Directora del Museo del Perfume<\/strong>&nbsp;realiz\u00f3 una charla sobre el panorama de la funci\u00f3n del perfume desde la Antig\u00fcedad. Secretos arom\u00e1ticos de personalidades en la historia argentina. Marie Anne P\u00e9richon de Vandeuil, Mariquita S\u00e1nchez de Thompson y Manuel Belgrano, Tradiciones y novedades de las fragancias en los usos actuales.<\/p>\n\n\n\n<p>Las siguientes conferencias se desarrollar\u00e1n en:<\/p>\n\n\n\n<p><strong>Noetinger:<\/strong>&nbsp;<strong>Viernes 24 de noviembre<\/strong>,<strong>&nbsp;19hs<\/strong>&nbsp;en&nbsp;<strong>Garden Tragos<\/strong><\/p>\n\n\n\n<p><strong>Las Rosas<\/strong>:\u00a0<strong>S\u00e1bado 25 de noviembre,<\/strong>\u00a0<strong>14hs<\/strong>\u00a0en\u00a0<strong>Museo Municipal<\/strong><\/p>\n\n\n\n<figure class=\"wp-block-gallery columns-3 is-cropped wp-block-gallery-1 is-layout-flex wp-block-gallery-is-layout-flex\"><ul class=\"blocks-gallery-grid\"><li class=\"blocks-gallery-item\"><figure><img loading=\"lazy\" decoding=\"async\" width=\"1024\" height=\"768\" src=\"http:\/\/enteculturalsantafesino.com.ar\/usina3\/wp-content\/uploads\/2023\/11\/0fdab5bd-a831-408e-9090-62d8e0df1be3-1024x768.jpg\" alt=\"\" data-id=\"14976\" data-full-url=\"http:\/\/enteculturalsantafesino.com.ar\/usina3\/wp-content\/uploads\/2023\/11\/0fdab5bd-a831-408e-9090-62d8e0df1be3.jpg\" data-link=\"http:\/\/enteculturalsantafesino.com.ar\/usina3\/?attachment_id=14976\" class=\"wp-image-14976\" srcset=\"https:\/\/enteculturalsantafesino.com.ar\/usina3\/wp-content\/uploads\/2023\/11\/0fdab5bd-a831-408e-9090-62d8e0df1be3-1024x768.jpg 1024w, https:\/\/enteculturalsantafesino.com.ar\/usina3\/wp-content\/uploads\/2023\/11\/0fdab5bd-a831-408e-9090-62d8e0df1be3-300x225.jpg 300w, https:\/\/enteculturalsantafesino.com.ar\/usina3\/wp-content\/uploads\/2023\/11\/0fdab5bd-a831-408e-9090-62d8e0df1be3-768x576.jpg 768w, https:\/\/enteculturalsantafesino.com.ar\/usina3\/wp-content\/uploads\/2023\/11\/0fdab5bd-a831-408e-9090-62d8e0df1be3.jpg 1280w\" sizes=\"(max-width: 1024px) 100vw, 1024px\" \/><\/figure><\/li><li class=\"blocks-gallery-item\"><figure><img loading=\"lazy\" decoding=\"async\" width=\"1024\" height=\"768\" src=\"http:\/\/enteculturalsantafesino.com.ar\/usina3\/wp-content\/uploads\/2023\/11\/8e1bda79-699d-4614-9fb6-5536e0ebf137-1024x768.jpg\" alt=\"\" data-id=\"14977\" data-full-url=\"http:\/\/enteculturalsantafesino.com.ar\/usina3\/wp-content\/uploads\/2023\/11\/8e1bda79-699d-4614-9fb6-5536e0ebf137.jpg\" data-link=\"http:\/\/enteculturalsantafesino.com.ar\/usina3\/?attachment_id=14977\" class=\"wp-image-14977\" srcset=\"https:\/\/enteculturalsantafesino.com.ar\/usina3\/wp-content\/uploads\/2023\/11\/8e1bda79-699d-4614-9fb6-5536e0ebf137-1024x768.jpg 1024w, https:\/\/enteculturalsantafesino.com.ar\/usina3\/wp-content\/uploads\/2023\/11\/8e1bda79-699d-4614-9fb6-5536e0ebf137-300x225.jpg 300w, https:\/\/enteculturalsantafesino.com.ar\/usina3\/wp-content\/uploads\/2023\/11\/8e1bda79-699d-4614-9fb6-5536e0ebf137-768x576.jpg 768w, https:\/\/enteculturalsantafesino.com.ar\/usina3\/wp-content\/uploads\/2023\/11\/8e1bda79-699d-4614-9fb6-5536e0ebf137.jpg 1280w\" sizes=\"(max-width: 1024px) 100vw, 1024px\" \/><\/figure><\/li><li class=\"blocks-gallery-item\"><figure><img loading=\"lazy\" decoding=\"async\" width=\"1024\" height=\"768\" src=\"http:\/\/enteculturalsantafesino.com.ar\/usina3\/wp-content\/uploads\/2023\/11\/22b2903d-4928-4c5d-b8fe-518686c8b5ec-1024x768.jpg\" alt=\"\" data-id=\"14978\" data-full-url=\"http:\/\/enteculturalsantafesino.com.ar\/usina3\/wp-content\/uploads\/2023\/11\/22b2903d-4928-4c5d-b8fe-518686c8b5ec.jpg\" data-link=\"http:\/\/enteculturalsantafesino.com.ar\/usina3\/?attachment_id=14978\" class=\"wp-image-14978\" srcset=\"https:\/\/enteculturalsantafesino.com.ar\/usina3\/wp-content\/uploads\/2023\/11\/22b2903d-4928-4c5d-b8fe-518686c8b5ec-1024x768.jpg 1024w, https:\/\/enteculturalsantafesino.com.ar\/usina3\/wp-content\/uploads\/2023\/11\/22b2903d-4928-4c5d-b8fe-518686c8b5ec-300x225.jpg 300w, https:\/\/enteculturalsantafesino.com.ar\/usina3\/wp-content\/uploads\/2023\/11\/22b2903d-4928-4c5d-b8fe-518686c8b5ec-768x576.jpg 768w, https:\/\/enteculturalsantafesino.com.ar\/usina3\/wp-content\/uploads\/2023\/11\/22b2903d-4928-4c5d-b8fe-518686c8b5ec.jpg 1280w\" sizes=\"(max-width: 1024px) 100vw, 1024px\" \/><\/figure><\/li><li class=\"blocks-gallery-item\"><figure><img loading=\"lazy\" decoding=\"async\" width=\"1024\" height=\"768\" src=\"http:\/\/enteculturalsantafesino.com.ar\/usina3\/wp-content\/uploads\/2023\/11\/22651cf4-0c18-443a-8bde-0ad2f8639d3a-1024x768.jpg\" alt=\"\" data-id=\"14979\" data-full-url=\"http:\/\/enteculturalsantafesino.com.ar\/usina3\/wp-content\/uploads\/2023\/11\/22651cf4-0c18-443a-8bde-0ad2f8639d3a.jpg\" data-link=\"http:\/\/enteculturalsantafesino.com.ar\/usina3\/?attachment_id=14979\" class=\"wp-image-14979\" srcset=\"https:\/\/enteculturalsantafesino.com.ar\/usina3\/wp-content\/uploads\/2023\/11\/22651cf4-0c18-443a-8bde-0ad2f8639d3a-1024x768.jpg 1024w, https:\/\/enteculturalsantafesino.com.ar\/usina3\/wp-content\/uploads\/2023\/11\/22651cf4-0c18-443a-8bde-0ad2f8639d3a-300x225.jpg 300w, https:\/\/enteculturalsantafesino.com.ar\/usina3\/wp-content\/uploads\/2023\/11\/22651cf4-0c18-443a-8bde-0ad2f8639d3a-768x576.jpg 768w, https:\/\/enteculturalsantafesino.com.ar\/usina3\/wp-content\/uploads\/2023\/11\/22651cf4-0c18-443a-8bde-0ad2f8639d3a.jpg 1280w\" sizes=\"(max-width: 1024px) 100vw, 1024px\" \/><\/figure><\/li><li class=\"blocks-gallery-item\"><figure><img loading=\"lazy\" decoding=\"async\" width=\"1024\" height=\"768\" src=\"http:\/\/enteculturalsantafesino.com.ar\/usina3\/wp-content\/uploads\/2023\/11\/b5c21e24-934f-4ab3-91dc-aaa3df0809ce-1024x768.jpg\" alt=\"\" data-id=\"14980\" data-full-url=\"http:\/\/enteculturalsantafesino.com.ar\/usina3\/wp-content\/uploads\/2023\/11\/b5c21e24-934f-4ab3-91dc-aaa3df0809ce.jpg\" data-link=\"http:\/\/enteculturalsantafesino.com.ar\/usina3\/?attachment_id=14980\" class=\"wp-image-14980\" srcset=\"https:\/\/enteculturalsantafesino.com.ar\/usina3\/wp-content\/uploads\/2023\/11\/b5c21e24-934f-4ab3-91dc-aaa3df0809ce-1024x768.jpg 1024w, https:\/\/enteculturalsantafesino.com.ar\/usina3\/wp-content\/uploads\/2023\/11\/b5c21e24-934f-4ab3-91dc-aaa3df0809ce-300x225.jpg 300w, https:\/\/enteculturalsantafesino.com.ar\/usina3\/wp-content\/uploads\/2023\/11\/b5c21e24-934f-4ab3-91dc-aaa3df0809ce-768x576.jpg 768w, https:\/\/enteculturalsantafesino.com.ar\/usina3\/wp-content\/uploads\/2023\/11\/b5c21e24-934f-4ab3-91dc-aaa3df0809ce.jpg 1280w\" sizes=\"(max-width: 1024px) 100vw, 1024px\" \/><\/figure><\/li><li class=\"blocks-gallery-item\"><figure><img loading=\"lazy\" decoding=\"async\" width=\"1024\" height=\"768\" src=\"http:\/\/enteculturalsantafesino.com.ar\/usina3\/wp-content\/uploads\/2023\/11\/ce35f5e4-c7a0-4b99-804c-0eefe1e872cb-1024x768.jpg\" alt=\"\" data-id=\"14981\" data-full-url=\"http:\/\/enteculturalsantafesino.com.ar\/usina3\/wp-content\/uploads\/2023\/11\/ce35f5e4-c7a0-4b99-804c-0eefe1e872cb.jpg\" data-link=\"http:\/\/enteculturalsantafesino.com.ar\/usina3\/?attachment_id=14981\" class=\"wp-image-14981\" srcset=\"https:\/\/enteculturalsantafesino.com.ar\/usina3\/wp-content\/uploads\/2023\/11\/ce35f5e4-c7a0-4b99-804c-0eefe1e872cb-1024x768.jpg 1024w, https:\/\/enteculturalsantafesino.com.ar\/usina3\/wp-content\/uploads\/2023\/11\/ce35f5e4-c7a0-4b99-804c-0eefe1e872cb-300x225.jpg 300w, https:\/\/enteculturalsantafesino.com.ar\/usina3\/wp-content\/uploads\/2023\/11\/ce35f5e4-c7a0-4b99-804c-0eefe1e872cb-768x576.jpg 768w, https:\/\/enteculturalsantafesino.com.ar\/usina3\/wp-content\/uploads\/2023\/11\/ce35f5e4-c7a0-4b99-804c-0eefe1e872cb.jpg 1280w\" sizes=\"(max-width: 1024px) 100vw, 1024px\" \/><\/figure><\/li><li class=\"blocks-gallery-item\"><figure><img loading=\"lazy\" decoding=\"async\" width=\"1024\" height=\"768\" src=\"http:\/\/enteculturalsantafesino.com.ar\/usina3\/wp-content\/uploads\/2023\/11\/d46d5993-b429-469b-b69a-59812172d274-1024x768.jpg\" alt=\"\" data-id=\"14982\" data-full-url=\"http:\/\/enteculturalsantafesino.com.ar\/usina3\/wp-content\/uploads\/2023\/11\/d46d5993-b429-469b-b69a-59812172d274.jpg\" data-link=\"http:\/\/enteculturalsantafesino.com.ar\/usina3\/?attachment_id=14982\" class=\"wp-image-14982\" srcset=\"https:\/\/enteculturalsantafesino.com.ar\/usina3\/wp-content\/uploads\/2023\/11\/d46d5993-b429-469b-b69a-59812172d274-1024x768.jpg 1024w, https:\/\/enteculturalsantafesino.com.ar\/usina3\/wp-content\/uploads\/2023\/11\/d46d5993-b429-469b-b69a-59812172d274-300x225.jpg 300w, https:\/\/enteculturalsantafesino.com.ar\/usina3\/wp-content\/uploads\/2023\/11\/d46d5993-b429-469b-b69a-59812172d274-768x576.jpg 768w, https:\/\/enteculturalsantafesino.com.ar\/usina3\/wp-content\/uploads\/2023\/11\/d46d5993-b429-469b-b69a-59812172d274.jpg 1280w\" sizes=\"(max-width: 1024px) 100vw, 1024px\" \/><\/figure><\/li><\/ul><\/figure>\n","protected":false},"excerpt":{"rendered":"<p>En la imponente Sala Horacio Caimi Centro Cultural \u00abJulio G. Mart\u00edn\u00bb, durante la noche del jueves 23 [&hellip;]<\/p>\n","protected":false},"author":3,"featured_media":14977,"comment_status":"open","ping_status":"open","sticky":false,"template":"","format":"standard","meta":{"_jetpack_memberships_contains_paid_content":false,"footnotes":"","jetpack_publicize_message":"","jetpack_publicize_feature_enabled":true,"jetpack_social_post_already_shared":true,"jetpack_social_options":{"image_generator_settings":{"template":"highway","enabled":false}}},"categories":[4,58],"tags":[],"jetpack_publicize_connections":[],"jetpack_featured_media_url":"https:\/\/enteculturalsantafesino.com.ar\/usina3\/wp-content\/uploads\/2023\/11\/8e1bda79-699d-4614-9fb6-5536e0ebf137.jpg","jetpack_sharing_enabled":true,"_links":{"self":[{"href":"https:\/\/enteculturalsantafesino.com.ar\/usina3\/wp-json\/wp\/v2\/posts\/14975"}],"collection":[{"href":"https:\/\/enteculturalsantafesino.com.ar\/usina3\/wp-json\/wp\/v2\/posts"}],"about":[{"href":"https:\/\/enteculturalsantafesino.com.ar\/usina3\/wp-json\/wp\/v2\/types\/post"}],"author":[{"embeddable":true,"href":"https:\/\/enteculturalsantafesino.com.ar\/usina3\/wp-json\/wp\/v2\/users\/3"}],"replies":[{"embeddable":true,"href":"https:\/\/enteculturalsantafesino.com.ar\/usina3\/wp-json\/wp\/v2\/comments?post=14975"}],"version-history":[{"count":1,"href":"https:\/\/enteculturalsantafesino.com.ar\/usina3\/wp-json\/wp\/v2\/posts\/14975\/revisions"}],"predecessor-version":[{"id":14983,"href":"https:\/\/enteculturalsantafesino.com.ar\/usina3\/wp-json\/wp\/v2\/posts\/14975\/revisions\/14983"}],"wp:featuredmedia":[{"embeddable":true,"href":"https:\/\/enteculturalsantafesino.com.ar\/usina3\/wp-json\/wp\/v2\/media\/14977"}],"wp:attachment":[{"href":"https:\/\/enteculturalsantafesino.com.ar\/usina3\/wp-json\/wp\/v2\/media?parent=14975"}],"wp:term":[{"taxonomy":"category","embeddable":true,"href":"https:\/\/enteculturalsantafesino.com.ar\/usina3\/wp-json\/wp\/v2\/categories?post=14975"},{"taxonomy":"post_tag","embeddable":true,"href":"https:\/\/enteculturalsantafesino.com.ar\/usina3\/wp-json\/wp\/v2\/tags?post=14975"}],"curies":[{"name":"wp","href":"https:\/\/api.w.org\/{rel}","templated":true}]}}