{"id":14985,"date":"2023-11-27T00:31:36","date_gmt":"2023-11-27T00:31:36","guid":{"rendered":"http:\/\/enteculturalsantafesino.com.ar\/usina3\/?p=14985"},"modified":"2023-11-27T00:31:41","modified_gmt":"2023-11-27T00:31:41","slug":"la-fiesta-de-los-pueblos-inicio-su-recorrido-desde-el-sur-santafesino","status":"publish","type":"post","link":"https:\/\/enteculturalsantafesino.com.ar\/usina3\/2023\/11\/la-fiesta-de-los-pueblos-inicio-su-recorrido-desde-el-sur-santafesino\/","title":{"rendered":"La \u00abFiesta de los Pueblos\u00bb  inici\u00f3 su recorrido desde el sur santafesino"},"content":{"rendered":"\n<p>Con total \u00e9xito se realiz\u00f3 la primera jornada de la\u00a0<strong>\u201cFiesta de los Pueblos\u201d<\/strong>, enmarcada en el\u00a0<strong>15\u00b0 aniversario<\/strong>\u00a0del\u00a0<strong>Ente Cultural Santafesino<\/strong>, la cual llega a distintos puntos de la provincia reconociendo la labor de los participantes activos dentro de dicho espacio cultural.<\/p>\n\n\n\n<p>El encuentro se realiz\u00f3 en el\u00a0<strong>Centro Cultural Centenario<\/strong> de <strong>Santa Isabel<\/strong>; el lunes 27 con la asistencia de representantes, referentes culturales y artistas de las distintas comunidades que integran a la\u00a0Usina Cultural III: <em>Santa Isabel, Teodelina, Villada, Godeken, Beravebu, Firmat, Ca\u00f1ada del Ucle, Los Molinos, Arequito, San Jose de la Esquina, Chabas, Mar\u00eda Teresa, Albarellos, Pi\u00f1ero, Alvarez y Coronel Arnold<\/em>.<\/p>\n\n\n\n<p>La presencia de la<em> responsable del Ente Cultural Santafesino Lic Claudia Giaccone, las Directora de la Usina III Cecilia De Francesco y la Coordinadora del Dpto Literatura Marcela Geminale junto a los presidentes comunales de Santa Isabel, Teodelina, Beravebu y Los Molinos <\/em>formaron parte de este primer encuentro con la cultura santafesina.<\/p>\n\n\n\n<p>La apertura estuvo a cargo del<strong>\u00a0Ballet local \u00abLa Marrupe\u00f1a\u00bb<\/strong> con un cuadro dedicado al sur santafesino, generando el primer aplauso de la tarde e invitando a descubrir m\u00e1s sobre nuestra provincia.<\/p>\n\n\n\n<p>El\u00a0<strong>Presidente Comunal Pablo Giorgis<\/strong> dio la bienvenida y en sus palabras agradeci\u00f3 a las distintas localidades por su compromiso, y destac\u00f3 todo lo realizado junto al Ente Cultural\u00bb. Tambi\u00e9n hizo referencia \u201cal importante trabajo territorial y apoyo de Claudia Giaccone\u201d, resaltando adem\u00e1s que \u201cformamos parte de un proyecto cultural que nos unifica a todos, y nos hace pensar en cada vez m\u00e1s objetivos comunes\u201d.<\/p>\n\n\n\n<p>A su turno,\u00a0<strong>Claudia Giaccone<\/strong>\u00a0remarc\u00f3 que este fue uno de los mejores a\u00f1os del Ente, celebrando los 15 a\u00f1os de vida y demostrando el trabajo conjunto entre gestiones de distintos colores pol\u00edticos que fortalecen esta red de acci\u00f3n cultural\u00bb<\/p>\n\n\n\n<p>A continuaci\u00f3n fueron recibiendo sus reconocimientos quienes participaron en los distintos programas, como fueron<strong> \u00abClave de Cuento\u00bb, \u00abTorneo Provincial de Bolitas\u00bb, \u00abDe Pueblo en Pueblo\u00bb, \u00abArte en Pelotas\u00bb, \u00abCompartiendo Cultura\u00bb, \u00bb Forma y Color\u00bb, \u00abCOOLtura\u00bb y \u00abHacelo Corto\u00bb.<\/strong><\/p>\n\n\n\n<p>La velada finaliz\u00f3 con la presentaci\u00f3n del grupo de danza contempor\u00e1nea local y la presencia de artistas locales que desped\u00edan a los presentes entre m\u00fasica, danza y artes pl\u00e1sticas.<\/p>\n\n\n\n<figure class=\"wp-block-gallery columns-3 is-cropped wp-block-gallery-1 is-layout-flex wp-block-gallery-is-layout-flex\"><ul class=\"blocks-gallery-grid\"><li class=\"blocks-gallery-item\"><figure><img loading=\"lazy\" decoding=\"async\" width=\"1024\" height=\"768\" src=\"http:\/\/enteculturalsantafesino.com.ar\/usina3\/wp-content\/uploads\/2023\/11\/4fcb8738-6652-496d-bd96-ff37c0f281fb-1024x768.jpg\" alt=\"\" data-id=\"14986\" data-full-url=\"http:\/\/enteculturalsantafesino.com.ar\/usina3\/wp-content\/uploads\/2023\/11\/4fcb8738-6652-496d-bd96-ff37c0f281fb.jpg\" data-link=\"http:\/\/enteculturalsantafesino.com.ar\/usina3\/?attachment_id=14986\" class=\"wp-image-14986\" srcset=\"https:\/\/enteculturalsantafesino.com.ar\/usina3\/wp-content\/uploads\/2023\/11\/4fcb8738-6652-496d-bd96-ff37c0f281fb-1024x768.jpg 1024w, https:\/\/enteculturalsantafesino.com.ar\/usina3\/wp-content\/uploads\/2023\/11\/4fcb8738-6652-496d-bd96-ff37c0f281fb-300x225.jpg 300w, https:\/\/enteculturalsantafesino.com.ar\/usina3\/wp-content\/uploads\/2023\/11\/4fcb8738-6652-496d-bd96-ff37c0f281fb-768x576.jpg 768w, https:\/\/enteculturalsantafesino.com.ar\/usina3\/wp-content\/uploads\/2023\/11\/4fcb8738-6652-496d-bd96-ff37c0f281fb-1536x1152.jpg 1536w, https:\/\/enteculturalsantafesino.com.ar\/usina3\/wp-content\/uploads\/2023\/11\/4fcb8738-6652-496d-bd96-ff37c0f281fb.jpg 1600w\" sizes=\"(max-width: 1024px) 100vw, 1024px\" \/><\/figure><\/li><li class=\"blocks-gallery-item\"><figure><img loading=\"lazy\" decoding=\"async\" width=\"1024\" height=\"777\" src=\"http:\/\/enteculturalsantafesino.com.ar\/usina3\/wp-content\/uploads\/2023\/11\/6d5a03b0-7df8-4922-93fc-472833996714-1024x777.jpg\" alt=\"\" data-id=\"14987\" data-full-url=\"http:\/\/enteculturalsantafesino.com.ar\/usina3\/wp-content\/uploads\/2023\/11\/6d5a03b0-7df8-4922-93fc-472833996714.jpg\" data-link=\"http:\/\/enteculturalsantafesino.com.ar\/usina3\/?attachment_id=14987\" class=\"wp-image-14987\" srcset=\"https:\/\/enteculturalsantafesino.com.ar\/usina3\/wp-content\/uploads\/2023\/11\/6d5a03b0-7df8-4922-93fc-472833996714-1024x777.jpg 1024w, https:\/\/enteculturalsantafesino.com.ar\/usina3\/wp-content\/uploads\/2023\/11\/6d5a03b0-7df8-4922-93fc-472833996714-300x228.jpg 300w, https:\/\/enteculturalsantafesino.com.ar\/usina3\/wp-content\/uploads\/2023\/11\/6d5a03b0-7df8-4922-93fc-472833996714-768x583.jpg 768w, https:\/\/enteculturalsantafesino.com.ar\/usina3\/wp-content\/uploads\/2023\/11\/6d5a03b0-7df8-4922-93fc-472833996714.jpg 1379w\" sizes=\"(max-width: 1024px) 100vw, 1024px\" \/><\/figure><\/li><li class=\"blocks-gallery-item\"><figure><img loading=\"lazy\" decoding=\"async\" width=\"1024\" height=\"768\" src=\"http:\/\/enteculturalsantafesino.com.ar\/usina3\/wp-content\/uploads\/2023\/11\/b2e1b5f2-4e2a-4e0f-b6c0-70efed17757f-1024x768.jpg\" alt=\"\" data-id=\"14988\" data-full-url=\"http:\/\/enteculturalsantafesino.com.ar\/usina3\/wp-content\/uploads\/2023\/11\/b2e1b5f2-4e2a-4e0f-b6c0-70efed17757f.jpg\" data-link=\"http:\/\/enteculturalsantafesino.com.ar\/usina3\/?attachment_id=14988\" class=\"wp-image-14988\" srcset=\"https:\/\/enteculturalsantafesino.com.ar\/usina3\/wp-content\/uploads\/2023\/11\/b2e1b5f2-4e2a-4e0f-b6c0-70efed17757f-1024x768.jpg 1024w, https:\/\/enteculturalsantafesino.com.ar\/usina3\/wp-content\/uploads\/2023\/11\/b2e1b5f2-4e2a-4e0f-b6c0-70efed17757f-300x225.jpg 300w, https:\/\/enteculturalsantafesino.com.ar\/usina3\/wp-content\/uploads\/2023\/11\/b2e1b5f2-4e2a-4e0f-b6c0-70efed17757f-768x576.jpg 768w, https:\/\/enteculturalsantafesino.com.ar\/usina3\/wp-content\/uploads\/2023\/11\/b2e1b5f2-4e2a-4e0f-b6c0-70efed17757f-1536x1152.jpg 1536w, https:\/\/enteculturalsantafesino.com.ar\/usina3\/wp-content\/uploads\/2023\/11\/b2e1b5f2-4e2a-4e0f-b6c0-70efed17757f.jpg 1600w\" sizes=\"(max-width: 1024px) 100vw, 1024px\" \/><\/figure><\/li><li class=\"blocks-gallery-item\"><figure><img loading=\"lazy\" decoding=\"async\" width=\"1024\" height=\"768\" src=\"http:\/\/enteculturalsantafesino.com.ar\/usina3\/wp-content\/uploads\/2023\/11\/c554f60c-ddbe-4506-91a1-048a89aa9c90-1024x768.jpg\" alt=\"\" data-id=\"14989\" data-full-url=\"http:\/\/enteculturalsantafesino.com.ar\/usina3\/wp-content\/uploads\/2023\/11\/c554f60c-ddbe-4506-91a1-048a89aa9c90.jpg\" data-link=\"http:\/\/enteculturalsantafesino.com.ar\/usina3\/?attachment_id=14989\" class=\"wp-image-14989\" srcset=\"https:\/\/enteculturalsantafesino.com.ar\/usina3\/wp-content\/uploads\/2023\/11\/c554f60c-ddbe-4506-91a1-048a89aa9c90-1024x768.jpg 1024w, https:\/\/enteculturalsantafesino.com.ar\/usina3\/wp-content\/uploads\/2023\/11\/c554f60c-ddbe-4506-91a1-048a89aa9c90-300x225.jpg 300w, https:\/\/enteculturalsantafesino.com.ar\/usina3\/wp-content\/uploads\/2023\/11\/c554f60c-ddbe-4506-91a1-048a89aa9c90-768x576.jpg 768w, https:\/\/enteculturalsantafesino.com.ar\/usina3\/wp-content\/uploads\/2023\/11\/c554f60c-ddbe-4506-91a1-048a89aa9c90.jpg 1200w\" sizes=\"(max-width: 1024px) 100vw, 1024px\" \/><\/figure><\/li><li class=\"blocks-gallery-item\"><figure><img loading=\"lazy\" decoding=\"async\" width=\"1024\" height=\"586\" src=\"http:\/\/enteculturalsantafesino.com.ar\/usina3\/wp-content\/uploads\/2023\/11\/f31183db-d150-4443-b7d3-d54d61dd0b0e-1024x586.jpg\" alt=\"\" data-id=\"14990\" data-full-url=\"http:\/\/enteculturalsantafesino.com.ar\/usina3\/wp-content\/uploads\/2023\/11\/f31183db-d150-4443-b7d3-d54d61dd0b0e.jpg\" data-link=\"http:\/\/enteculturalsantafesino.com.ar\/usina3\/?attachment_id=14990\" class=\"wp-image-14990\" srcset=\"https:\/\/enteculturalsantafesino.com.ar\/usina3\/wp-content\/uploads\/2023\/11\/f31183db-d150-4443-b7d3-d54d61dd0b0e-1024x586.jpg 1024w, https:\/\/enteculturalsantafesino.com.ar\/usina3\/wp-content\/uploads\/2023\/11\/f31183db-d150-4443-b7d3-d54d61dd0b0e-300x172.jpg 300w, https:\/\/enteculturalsantafesino.com.ar\/usina3\/wp-content\/uploads\/2023\/11\/f31183db-d150-4443-b7d3-d54d61dd0b0e-768x439.jpg 768w, https:\/\/enteculturalsantafesino.com.ar\/usina3\/wp-content\/uploads\/2023\/11\/f31183db-d150-4443-b7d3-d54d61dd0b0e.jpg 1519w\" sizes=\"(max-width: 1024px) 100vw, 1024px\" \/><\/figure><\/li><\/ul><\/figure>\n","protected":false},"excerpt":{"rendered":"<p>Con total \u00e9xito se realiz\u00f3 la primera jornada de la\u00a0\u201cFiesta de los Pueblos\u201d, enmarcada en el\u00a015\u00b0 aniversario\u00a0del\u00a0Ente [&hellip;]<\/p>\n","protected":false},"author":3,"featured_media":14989,"comment_status":"open","ping_status":"open","sticky":false,"template":"","format":"standard","meta":{"_jetpack_memberships_contains_paid_content":false,"footnotes":"","jetpack_publicize_message":"","jetpack_publicize_feature_enabled":true,"jetpack_social_post_already_shared":true,"jetpack_social_options":{"image_generator_settings":{"template":"highway","enabled":false}}},"categories":[4,3],"tags":[],"jetpack_publicize_connections":[],"jetpack_featured_media_url":"https:\/\/enteculturalsantafesino.com.ar\/usina3\/wp-content\/uploads\/2023\/11\/c554f60c-ddbe-4506-91a1-048a89aa9c90.jpg","jetpack_sharing_enabled":true,"_links":{"self":[{"href":"https:\/\/enteculturalsantafesino.com.ar\/usina3\/wp-json\/wp\/v2\/posts\/14985"}],"collection":[{"href":"https:\/\/enteculturalsantafesino.com.ar\/usina3\/wp-json\/wp\/v2\/posts"}],"about":[{"href":"https:\/\/enteculturalsantafesino.com.ar\/usina3\/wp-json\/wp\/v2\/types\/post"}],"author":[{"embeddable":true,"href":"https:\/\/enteculturalsantafesino.com.ar\/usina3\/wp-json\/wp\/v2\/users\/3"}],"replies":[{"embeddable":true,"href":"https:\/\/enteculturalsantafesino.com.ar\/usina3\/wp-json\/wp\/v2\/comments?post=14985"}],"version-history":[{"count":1,"href":"https:\/\/enteculturalsantafesino.com.ar\/usina3\/wp-json\/wp\/v2\/posts\/14985\/revisions"}],"predecessor-version":[{"id":14991,"href":"https:\/\/enteculturalsantafesino.com.ar\/usina3\/wp-json\/wp\/v2\/posts\/14985\/revisions\/14991"}],"wp:featuredmedia":[{"embeddable":true,"href":"https:\/\/enteculturalsantafesino.com.ar\/usina3\/wp-json\/wp\/v2\/media\/14989"}],"wp:attachment":[{"href":"https:\/\/enteculturalsantafesino.com.ar\/usina3\/wp-json\/wp\/v2\/media?parent=14985"}],"wp:term":[{"taxonomy":"category","embeddable":true,"href":"https:\/\/enteculturalsantafesino.com.ar\/usina3\/wp-json\/wp\/v2\/categories?post=14985"},{"taxonomy":"post_tag","embeddable":true,"href":"https:\/\/enteculturalsantafesino.com.ar\/usina3\/wp-json\/wp\/v2\/tags?post=14985"}],"curies":[{"name":"wp","href":"https:\/\/api.w.org\/{rel}","templated":true}]}}