{"id":15198,"date":"2024-06-17T17:14:16","date_gmt":"2024-06-17T17:14:16","guid":{"rendered":"http:\/\/enteculturalsantafesino.com.ar\/usina3\/?p=15198"},"modified":"2024-06-17T17:24:59","modified_gmt":"2024-06-17T17:24:59","slug":"abanderados-se-inaugura-oficialmente-en-los-molinos-se","status":"publish","type":"post","link":"https:\/\/enteculturalsantafesino.com.ar\/usina3\/2024\/06\/abanderados-se-inaugura-oficialmente-en-los-molinos-se\/","title":{"rendered":"\u00abAbanderados\u00bb se inaugura oficialmente en Los Molinos"},"content":{"rendered":"\n<p>El pr\u00f3ximo <strong>mi\u00e9rcoles 19 de junio<\/strong> en el <strong>predio del ferrocarril<\/strong> a las <strong>18:30hs<\/strong> se inaugurar\u00e1 de oficialmente la muestra itinerante <strong>\u00abAbanderados\u00bb<\/strong><\/p>\n\n\n\n<p>\u00a0A trav\u00e9s del <strong>Ente Cultural Santafesino<\/strong> y<strong> Cordob\u00e9s<\/strong>, las comunidades que integran a dichos espacios culturales, expondr\u00e1n sus ense\u00f1as representativas permitiendo descubrir su historia e identidad, mediante una producci\u00f3n de confraternidad y federalismo entre todos los participantes.<\/p>\n\n\n\n<p><strong>Adem\u00e1s dicha apertura contar\u00e1 con la camiseta gigante de la selecci\u00f3n argentina realizada por la Comuna de Serodino, la cual mide 18&#215;12 metros y pesa 100kg. <\/strong><\/p>\n\n\n\n<p>El&nbsp;<strong>presidente del Ente Cultural Santafesino Franco De Crist\u00f3fano<\/strong>, se\u00f1al\u00f3 que \u00abdicho programa se encuentra integrando el \u00abPlan 2024\u00bb y naci\u00f3 de un informe del&nbsp;<strong>Prof. Lorenzo Canteli \/Chimi Santafesino<\/strong>, el cual fue el disparador para llevar adelante dicha propuesta interprovincial.&nbsp;<em>\u00abNuestras banderas representan identidad, pertenencia, libertad y confraternidad. Es la expresi\u00f3n de una historia com\u00fan, con el esfuerzo y la esperanza de hombres y mujeres, que nacieron en cada pueblo y ciudad que vinieron a poblarla\u00bb.<\/em><\/p>\n\n\n\n<p><strong>\u00abAbanderados\u00bb<\/strong>&nbsp;nos permitir\u00e1 descubrir banderas de localidades de nuestro norte , centro y sur santafesino, como as\u00ed tambi\u00e9n las del sudeste cordob\u00e9s, contando con una gu\u00eda hist\u00f3rica y la posibilidad de seguir generando y creando nuevas banderas en pueblos y ciudades que a\u00fan no las tengan\u00bb se\u00f1al\u00f3 De Crist\u00f3fano<\/p>\n\n\n\n<p>Por ultimo, remarco que esta propuesta girar\u00e1 en cada una de las comunidades que sumen su bandera y permitir\u00e1 ampliar nuestra agenda cultural en cada rinc\u00f3n santafesino y cordob\u00e9s\u00bb<\/p>\n","protected":false},"excerpt":{"rendered":"<p>El pr\u00f3ximo mi\u00e9rcoles 19 de junio en el predio del ferrocarril a las 18:30hs se inaugurar\u00e1 de [&hellip;]<\/p>\n","protected":false},"author":3,"featured_media":15199,"comment_status":"open","ping_status":"open","sticky":false,"template":"","format":"standard","meta":{"_jetpack_memberships_contains_paid_content":false,"footnotes":"","jetpack_publicize_message":"","jetpack_publicize_feature_enabled":true,"jetpack_social_post_already_shared":true,"jetpack_social_options":{"image_generator_settings":{"template":"highway","enabled":false}}},"categories":[4,49],"tags":[],"jetpack_publicize_connections":[],"jetpack_featured_media_url":"https:\/\/enteculturalsantafesino.com.ar\/usina3\/wp-content\/uploads\/2024\/06\/WhatsApp-Image-2024-06-17-at-14.13.03.jpeg","jetpack_sharing_enabled":true,"_links":{"self":[{"href":"https:\/\/enteculturalsantafesino.com.ar\/usina3\/wp-json\/wp\/v2\/posts\/15198"}],"collection":[{"href":"https:\/\/enteculturalsantafesino.com.ar\/usina3\/wp-json\/wp\/v2\/posts"}],"about":[{"href":"https:\/\/enteculturalsantafesino.com.ar\/usina3\/wp-json\/wp\/v2\/types\/post"}],"author":[{"embeddable":true,"href":"https:\/\/enteculturalsantafesino.com.ar\/usina3\/wp-json\/wp\/v2\/users\/3"}],"replies":[{"embeddable":true,"href":"https:\/\/enteculturalsantafesino.com.ar\/usina3\/wp-json\/wp\/v2\/comments?post=15198"}],"version-history":[{"count":2,"href":"https:\/\/enteculturalsantafesino.com.ar\/usina3\/wp-json\/wp\/v2\/posts\/15198\/revisions"}],"predecessor-version":[{"id":15201,"href":"https:\/\/enteculturalsantafesino.com.ar\/usina3\/wp-json\/wp\/v2\/posts\/15198\/revisions\/15201"}],"wp:featuredmedia":[{"embeddable":true,"href":"https:\/\/enteculturalsantafesino.com.ar\/usina3\/wp-json\/wp\/v2\/media\/15199"}],"wp:attachment":[{"href":"https:\/\/enteculturalsantafesino.com.ar\/usina3\/wp-json\/wp\/v2\/media?parent=15198"}],"wp:term":[{"taxonomy":"category","embeddable":true,"href":"https:\/\/enteculturalsantafesino.com.ar\/usina3\/wp-json\/wp\/v2\/categories?post=15198"},{"taxonomy":"post_tag","embeddable":true,"href":"https:\/\/enteculturalsantafesino.com.ar\/usina3\/wp-json\/wp\/v2\/tags?post=15198"}],"curies":[{"name":"wp","href":"https:\/\/api.w.org\/{rel}","templated":true}]}}