{"id":15300,"date":"2024-09-09T03:28:50","date_gmt":"2024-09-09T03:28:50","guid":{"rendered":"http:\/\/enteculturalsantafesino.com.ar\/usina3\/?p=15300"},"modified":"2024-09-09T03:28:53","modified_gmt":"2024-09-09T03:28:53","slug":"melincue-se-suma-al-programa-arte-en-pelotas","status":"publish","type":"post","link":"https:\/\/enteculturalsantafesino.com.ar\/usina3\/2024\/09\/melincue-se-suma-al-programa-arte-en-pelotas\/","title":{"rendered":"Melincu\u00e9 se suma al programa \u00abArte en pelotas\u00bb"},"content":{"rendered":"\n<p>El\u00a0<strong>mi\u00e9rcoles 4<\/strong>,<strong> <\/strong>alumnos\/as de la <strong><strong>Escuela N\u00ba 162 IB \u201cDr. Felipe Carreras\u201d <\/strong><\/strong>y la<strong><strong> Escuela N\u00ba 160 \u201cFlorentino Ameghino\u201d<\/strong><\/strong> hicieron entrega de la obra <strong>\u00abMil colores para una ilusi\u00f3n\u00bb<\/strong>, la cual representar\u00e1 al pueblo cabecera del sur santafesino.<\/p>\n\n\n\n<p>Con la presencia de la\u00a0<strong>directora de la Usina III (sur) Cecilia De Francesco <\/strong>y las autoridades de los establecimientos educativos<strong>, <\/strong>hicieron entrega de dicha obra de arte que se suma a la muestra itinerante que se encuentra recorriendo el territorio provincial.<\/p>\n\n\n\n<p>A trav\u00e9s de la coordinaci\u00f3n de la Docente de Pl\u00e1stica: <strong>Yamila Laura Del Grosso<\/strong>, se elabor\u00f3 y tom\u00f3 como insumo una pelota de f\u00fatbol para su intervenci\u00f3n art\u00edstica, permite resignificar este dispositivo l\u00fadico, que convoca a la comunidad, haciendo foco en las infancias.<\/p>\n\n\n\n<p>Al rodar, en el encuentro con un otro, se identifica en su acci\u00f3n una respuesta hacia lo colectivo y la &nbsp;interacci\u00f3n, creando redes entre ni\u00f1os de diferentes edades, con seres queridos, diversidad de usos como juegos.<\/p>\n\n\n\n<p>Este universo concentrado en un peque\u00f1o cuerpo esf\u00e9rico lleno de ilusiones y aspiraciones; emana deseos, anhelos, desaf\u00edos, dedicaci\u00f3n, diversi\u00f3n y cu\u00e1ntas emociones y sentimientos m\u00e1s se despiertan y se pueden depositar en este objeto.<\/p>\n\n\n\n<p><strong>\u00abArte en Pelotas\u00bb<\/strong><\/p>\n\n\n\n<p><em>El programa&nbsp;<strong>\u00abArte en Pelotas\u00bb<\/strong>&nbsp;consiste en la intervenci\u00f3n art\u00edstica sobre pelotas de f\u00fatbol, las cuales son pintadas en forma colectiva o individual. En dicha producci\u00f3n se refleja la idiosincrasia, el paisaje, la historia y el esp\u00edritu deportivo de cada comunidad participante.<\/em><\/p>\n\n\n\n<p>La muestra fue presentada en la&nbsp;<strong>Asociaci\u00f3n del F\u00fatbol Argentino (AFA)<\/strong>&nbsp;y en la<strong>&nbsp;XIX Fiesta Nacional de Pelota&nbsp;<\/strong>(Bell Ville), iniciando su recorrido por las comunidades adheridas a los Entes Culturales.<\/p>\n","protected":false},"excerpt":{"rendered":"<p>El\u00a0mi\u00e9rcoles 4, alumnos\/as de la Escuela N\u00ba 162 IB \u201cDr. Felipe Carreras\u201d y la Escuela N\u00ba 160 [&hellip;]<\/p>\n","protected":false},"author":3,"featured_media":15301,"comment_status":"open","ping_status":"open","sticky":false,"template":"","format":"standard","meta":{"_jetpack_memberships_contains_paid_content":false,"footnotes":"","jetpack_publicize_message":"","jetpack_publicize_feature_enabled":true,"jetpack_social_post_already_shared":true,"jetpack_social_options":{"image_generator_settings":{"template":"highway","enabled":false}}},"categories":[4,24],"tags":[],"jetpack_publicize_connections":[],"jetpack_featured_media_url":"https:\/\/enteculturalsantafesino.com.ar\/usina3\/wp-content\/uploads\/2024\/09\/WhatsApp-Image-2024-09-08-at-22.54.58-1.jpeg","jetpack_sharing_enabled":true,"_links":{"self":[{"href":"https:\/\/enteculturalsantafesino.com.ar\/usina3\/wp-json\/wp\/v2\/posts\/15300"}],"collection":[{"href":"https:\/\/enteculturalsantafesino.com.ar\/usina3\/wp-json\/wp\/v2\/posts"}],"about":[{"href":"https:\/\/enteculturalsantafesino.com.ar\/usina3\/wp-json\/wp\/v2\/types\/post"}],"author":[{"embeddable":true,"href":"https:\/\/enteculturalsantafesino.com.ar\/usina3\/wp-json\/wp\/v2\/users\/3"}],"replies":[{"embeddable":true,"href":"https:\/\/enteculturalsantafesino.com.ar\/usina3\/wp-json\/wp\/v2\/comments?post=15300"}],"version-history":[{"count":1,"href":"https:\/\/enteculturalsantafesino.com.ar\/usina3\/wp-json\/wp\/v2\/posts\/15300\/revisions"}],"predecessor-version":[{"id":15302,"href":"https:\/\/enteculturalsantafesino.com.ar\/usina3\/wp-json\/wp\/v2\/posts\/15300\/revisions\/15302"}],"wp:featuredmedia":[{"embeddable":true,"href":"https:\/\/enteculturalsantafesino.com.ar\/usina3\/wp-json\/wp\/v2\/media\/15301"}],"wp:attachment":[{"href":"https:\/\/enteculturalsantafesino.com.ar\/usina3\/wp-json\/wp\/v2\/media?parent=15300"}],"wp:term":[{"taxonomy":"category","embeddable":true,"href":"https:\/\/enteculturalsantafesino.com.ar\/usina3\/wp-json\/wp\/v2\/categories?post=15300"},{"taxonomy":"post_tag","embeddable":true,"href":"https:\/\/enteculturalsantafesino.com.ar\/usina3\/wp-json\/wp\/v2\/tags?post=15300"}],"curies":[{"name":"wp","href":"https:\/\/api.w.org\/{rel}","templated":true}]}}