{"id":15336,"date":"2024-10-03T13:55:11","date_gmt":"2024-10-03T13:55:11","guid":{"rendered":"http:\/\/enteculturalsantafesino.com.ar\/usina3\/?p=15336"},"modified":"2024-10-03T13:55:16","modified_gmt":"2024-10-03T13:55:16","slug":"memoria-y-deporte-ya-llego-a-la-localidad-de-acebal","status":"publish","type":"post","link":"https:\/\/enteculturalsantafesino.com.ar\/usina3\/2024\/10\/memoria-y-deporte-ya-llego-a-la-localidad-de-acebal\/","title":{"rendered":"\u00abMemoria y Deporte\u00bb ya lleg\u00f3 a la localidad de Acebal"},"content":{"rendered":"\n<p>Desde el<strong> lunes 1 al 3 de octubre <\/strong>en la<strong> sede comunal<\/strong>\u00a0se expondr\u00e1 la\u00a0<strong>muestra \u00abMemoria y Deporte\u00bb<\/strong><\/p>\n\n\n\n<p><strong>&nbsp;\u00abMemoria y Deporte\u201d&nbsp;<\/strong>actualmente re\u00fane fotograf\u00edas, testimonios y particularidades de 40 deportistas que se desempe\u00f1aron en rugby, nataci\u00f3n, hockey, s\u00f3ftbol, nataci\u00f3n art\u00edstica, ajedrez, f\u00fatbol, b\u00e1squet, tenis, yachting y equitaci\u00f3n. Hay v\u00edctimas nacidas en Rosario, Santa Fe, San Jer\u00f3nimo Norte, Rafaela, San Javier, Laguna Paiva, Esperanza, pero tambi\u00e9n quienes desde sus infancias se radicaron en diferentes localidades de la provincia y son oriundos de Barcelona, Concepci\u00f3n del Uruguay, Toulouse y Laguna \u201cLa Palma\u201d en Santiago del Estero.<\/p>\n\n\n\n<p>La iniciativa surgi\u00f3 desde el<strong>&nbsp;Ente Cultural Santafesino<\/strong>&nbsp;y en estos momentos iniciar\u00e1 su recorrido por las localidades de la<strong>&nbsp;Usina III (norte)<\/strong><\/p>\n\n\n\n<p>El&nbsp;<strong>Presidente del Ente Cultural Santafesino Franco De Crist\u00f3fano<\/strong>&nbsp;manifest\u00f3 el agradecimiento a&nbsp;<strong>Claudia Giaccone<\/strong>&nbsp;&nbsp;por permitir que esta propuesta llegue a m\u00e1s de un centenar de comunidades.&nbsp;<em>\u00abEsta sigue recorriendo Santa Fe durante todo el a\u00f1o, buscando poner en agenda el esp\u00edritu de memoria, verdad y justicia, y recordar a v\u00edctimas del terrorismo de estado desde sus facetas deportivas, pero tambi\u00e9n desde el amor, la militancia social, sus pasiones, sus carreras y otros detalles\u00bb<\/em><\/p>\n\n\n\n<p>El relevamiento plasmado en la muestra fue trabajado por el \u00e1rea de deportes junto a diferentes instituciones y familiares, informes y notas en medios de comunicaci\u00f3n, sitios web y el Registro Unificado de V\u00edctimas del Terrorismo de Estado (RUVTE) entre otras fuentes.&nbsp;<\/p>\n","protected":false},"excerpt":{"rendered":"<p>Desde el lunes 1 al 3 de octubre en la sede comunal\u00a0se expondr\u00e1 la\u00a0muestra \u00abMemoria y Deporte\u00bb [&hellip;]<\/p>\n","protected":false},"author":3,"featured_media":15337,"comment_status":"open","ping_status":"open","sticky":false,"template":"","format":"standard","meta":{"_jetpack_memberships_contains_paid_content":false,"footnotes":"","jetpack_publicize_message":"","jetpack_publicize_feature_enabled":true,"jetpack_social_post_already_shared":true,"jetpack_social_options":{"image_generator_settings":{"template":"highway","enabled":false}}},"categories":[14,4],"tags":[],"jetpack_publicize_connections":[],"jetpack_featured_media_url":"https:\/\/enteculturalsantafesino.com.ar\/usina3\/wp-content\/uploads\/2024\/10\/WhatsApp-Image-2024-10-03-at-10.35.35-1.jpeg","jetpack_sharing_enabled":true,"_links":{"self":[{"href":"https:\/\/enteculturalsantafesino.com.ar\/usina3\/wp-json\/wp\/v2\/posts\/15336"}],"collection":[{"href":"https:\/\/enteculturalsantafesino.com.ar\/usina3\/wp-json\/wp\/v2\/posts"}],"about":[{"href":"https:\/\/enteculturalsantafesino.com.ar\/usina3\/wp-json\/wp\/v2\/types\/post"}],"author":[{"embeddable":true,"href":"https:\/\/enteculturalsantafesino.com.ar\/usina3\/wp-json\/wp\/v2\/users\/3"}],"replies":[{"embeddable":true,"href":"https:\/\/enteculturalsantafesino.com.ar\/usina3\/wp-json\/wp\/v2\/comments?post=15336"}],"version-history":[{"count":1,"href":"https:\/\/enteculturalsantafesino.com.ar\/usina3\/wp-json\/wp\/v2\/posts\/15336\/revisions"}],"predecessor-version":[{"id":15338,"href":"https:\/\/enteculturalsantafesino.com.ar\/usina3\/wp-json\/wp\/v2\/posts\/15336\/revisions\/15338"}],"wp:featuredmedia":[{"embeddable":true,"href":"https:\/\/enteculturalsantafesino.com.ar\/usina3\/wp-json\/wp\/v2\/media\/15337"}],"wp:attachment":[{"href":"https:\/\/enteculturalsantafesino.com.ar\/usina3\/wp-json\/wp\/v2\/media?parent=15336"}],"wp:term":[{"taxonomy":"category","embeddable":true,"href":"https:\/\/enteculturalsantafesino.com.ar\/usina3\/wp-json\/wp\/v2\/categories?post=15336"},{"taxonomy":"post_tag","embeddable":true,"href":"https:\/\/enteculturalsantafesino.com.ar\/usina3\/wp-json\/wp\/v2\/tags?post=15336"}],"curies":[{"name":"wp","href":"https:\/\/api.w.org\/{rel}","templated":true}]}}