{"id":15360,"date":"2024-10-15T16:24:51","date_gmt":"2024-10-15T16:24:51","guid":{"rendered":"http:\/\/enteculturalsantafesino.com.ar\/usina3\/?p=15360"},"modified":"2024-10-15T16:24:54","modified_gmt":"2024-10-15T16:24:54","slug":"los-molinos-vivio-con-total-exito-su-primer-festival-de-teatro","status":"publish","type":"post","link":"https:\/\/enteculturalsantafesino.com.ar\/usina3\/2024\/10\/los-molinos-vivio-con-total-exito-su-primer-festival-de-teatro\/","title":{"rendered":"Los Molinos vivi\u00f3 con total \u00e9xito su primer Festival de Teatro"},"content":{"rendered":"\n<p>Desde el<strong>\u00a0jueves 10 al domingo 13 de octubre,<\/strong>\u00a0<strong>Los Molinos<\/strong>\u00a0se convirti\u00f3 en el epicentro del teatro regional con estrenos, capacitaciones y obras para toda la familia. Una experiencia inolvidable para toda una comunidad que respira y apost\u00f3 al teatro.<\/p>\n\n\n\n<p>El <strong>presidente comunal\u00a0Jorge Paladini,<\/strong>\u00a0destac\u00f3 la importancia de este evento, que busc\u00f3 fomentar y promover la actividad teatral de toda una comunidad y su regi\u00f3n. \u00ab<em>Salas repletas, entradas agotadas, obras de primer nivel, m\u00e1s de cien actores en escena y toda una comunidad que respondi\u00f3 a esta primera experiencia.<\/em><\/p>\n\n\n\n<p><strong>Luisa Kuliok madrina del Festival!<\/strong><\/p>\n\n\n\n<p>Este primer festival cont\u00f3 y tuvo el honor de contar con la destacada actriz <strong>Luisa Kuliok,<\/strong> quien fue declarada madrina del festival y no solo entrego la maravillosa obra \u00abJuana Vive\u00bb junto al actor Roberto Romano, sino tambi\u00e9n ,acompa\u00f1\u00f3 y guio todas las jornadas con su presencia y un conversatorio a los actores de la comunidad y la zona.<\/p>\n\n\n\n<p>Por su parte <strong>Claudia Giaccone<\/strong> agradeci\u00f3 la presencia de Luisa Kuliok como as\u00ed tambi\u00e9n la apuesta del gobierno comunal conducido por Jorge Paladini quien demostr\u00f3 que durante cuatro d\u00edas es posible tener una plaza teatral en el centro-sur santafesino.<\/p>\n\n\n\n<p><strong>Ricardo Costamagna &#8211; Director del Grupo Teatral Comunal<\/strong>, resalt\u00f3 las jornadas vividas en Los Molinos y agradeci\u00f3 al grupo local \u00abLos Martes no puedo\u00bb por el compromiso puesto durante el desarrollo de esta primera edici\u00f3n. \u00abLa calidez de Luisa Kuliok,  ya est\u00e1n en mi coraz\u00f3n\u00bb. \u00abGracias a la comuna de Los Molinos y a todo el hermoso p\u00fablico que siempre nos abraza!<\/p>\n\n\n\n<p>El festival comenz\u00f3 el<strong>\u00a0jueves 10\u00a0<\/strong>a las 17hs, con la\u00a0<strong>Conferencia de prensa\u00a0<\/strong>a cargo de\u00a0<strong>Luisa<br>Kuliok<\/strong>, madrina<strong>\u00a0Primer Festival de Teatro de Los Molino<\/strong>s en\u00a0<strong>Hotel Cuatro Plazas de la<\/strong><br>ciudad de\u00a0<strong>Casilda.<\/strong><\/p>\n\n\n\n<ul>\n<li><strong>20:30 hs<\/strong>\u00a0Presentaci\u00f3n de la obra\u00a0<strong>\u00abVENECIA\u00bb<\/strong>\u00a0de\u00a0<strong>Jorge Accame\u00a0<\/strong>a cargo del grupo\u00a0<strong>\u00abAsterisco Musical\u00bb<\/strong>\u00a0de la ciudad de<strong>\u00a0Rosario\u00a0<\/strong>en\u00a0<strong>Escuela 6004 de Los Molinos.<\/strong><br><strong>Viernes 11 de octubre:<\/strong><\/li>\n\n\n\n<li><strong>20:30 hs<\/strong>\u00a0Presentaci\u00f3n de\u00a0<strong>\u00abJUANA VIVE!\u00bb<\/strong><br>protagonizada por\u00a0<strong>Luisa Kuliok<\/strong>\u00a0y\u00a0<strong>Roberto Romano<\/strong>\u00a0de la ciudad de Buenos Aires en<br><strong>Escuela 6004 de Los Molinos<\/strong>.<\/li>\n\n\n\n<li><strong>S\u00e1bado 12 de octubre:<\/strong><\/li>\n\n\n\n<li><strong>17 hs.<\/strong>\u00a0<strong>Conversatorio de Luisa Kuliok\u00a0<\/strong>y\u00a0<strong>Roberto Romano<\/strong>\u00a0con trabajadores de la actividad<br>art\u00edstica de la zona en\u00a0<strong>Bar El Molino de Los Molinos.<\/strong><\/li>\n\n\n\n<li><strong>19:30 hs<\/strong>\u00a0Presentaci\u00f3n de<strong>\u00a0\u00abNo te enamores de mi\u00bb<\/strong>\u00a0(creaci\u00f3n grupal) a cargo del grupo \u00ab<strong>Los martes no puedo\u00bb<\/strong>\u00a0de\u00a0<strong>Los Molinos<\/strong>\u00a0en Sal\u00f3n Parroquial.<\/li>\n\n\n\n<li><strong>21 hs.<\/strong>\u00a0Presentaci\u00f3n de la obra\u00a0<strong>\u00abLas aventuras de Jos\u00e9\u00bb\u00a0<\/strong>(creaci\u00f3n grupal) a cargo del<strong>\u00a0Taller Comunal de Las Parejas\u00a0<\/strong>en\u00a0<strong>Escuela 6004 de Los Molinos.<\/strong><br><strong>Domingo 13 de octubre<\/strong><\/li>\n\n\n\n<li><strong>19:30 hs<\/strong>\u00a0Presentaci\u00f3n de la obra<strong>\u00a0\u00abLas mujeres de mi vida\u00bb<\/strong>\u00a0(creaci\u00f3n<br>grupal)a cargo del grupo\u00a0<strong>\u00abEl Viejo Molino\u00bb<\/strong>\u00a0de<strong>\u00a0Arequito<\/strong>\u00a0en\u00a0<strong>Escuela 6004<\/strong>\u00a0de\u00a0<strong>Los Molinos.<\/strong><\/li>\n\n\n\n<li>21 hs Presentaci\u00f3n de la obra\u00a0<strong>\u00abBajo Terapia\u00bb<\/strong>\u00a0de\u00a0<strong>Mat\u00edas Del Federico<\/strong>\u00a0a cargo del\u00a0<strong>Grupo \u00abLa Luna\u00bb de Casilda en Escuela 6004 de Los Molinos.<\/strong><\/li>\n<\/ul>\n","protected":false},"excerpt":{"rendered":"<p>Desde el\u00a0jueves 10 al domingo 13 de octubre,\u00a0Los Molinos\u00a0se convirti\u00f3 en el epicentro del teatro regional con [&hellip;]<\/p>\n","protected":false},"author":3,"featured_media":15354,"comment_status":"open","ping_status":"open","sticky":false,"template":"","format":"standard","meta":{"_jetpack_memberships_contains_paid_content":false,"footnotes":"","jetpack_publicize_message":"","jetpack_publicize_feature_enabled":true,"jetpack_social_post_already_shared":true,"jetpack_social_options":{"image_generator_settings":{"template":"highway","enabled":false}}},"categories":[1],"tags":[],"jetpack_publicize_connections":[],"jetpack_featured_media_url":"https:\/\/enteculturalsantafesino.com.ar\/usina3\/wp-content\/uploads\/2024\/10\/WhatsApp-Image-2024-10-15-at-10.15.09.jpeg","jetpack_sharing_enabled":true,"_links":{"self":[{"href":"https:\/\/enteculturalsantafesino.com.ar\/usina3\/wp-json\/wp\/v2\/posts\/15360"}],"collection":[{"href":"https:\/\/enteculturalsantafesino.com.ar\/usina3\/wp-json\/wp\/v2\/posts"}],"about":[{"href":"https:\/\/enteculturalsantafesino.com.ar\/usina3\/wp-json\/wp\/v2\/types\/post"}],"author":[{"embeddable":true,"href":"https:\/\/enteculturalsantafesino.com.ar\/usina3\/wp-json\/wp\/v2\/users\/3"}],"replies":[{"embeddable":true,"href":"https:\/\/enteculturalsantafesino.com.ar\/usina3\/wp-json\/wp\/v2\/comments?post=15360"}],"version-history":[{"count":1,"href":"https:\/\/enteculturalsantafesino.com.ar\/usina3\/wp-json\/wp\/v2\/posts\/15360\/revisions"}],"predecessor-version":[{"id":15361,"href":"https:\/\/enteculturalsantafesino.com.ar\/usina3\/wp-json\/wp\/v2\/posts\/15360\/revisions\/15361"}],"wp:featuredmedia":[{"embeddable":true,"href":"https:\/\/enteculturalsantafesino.com.ar\/usina3\/wp-json\/wp\/v2\/media\/15354"}],"wp:attachment":[{"href":"https:\/\/enteculturalsantafesino.com.ar\/usina3\/wp-json\/wp\/v2\/media?parent=15360"}],"wp:term":[{"taxonomy":"category","embeddable":true,"href":"https:\/\/enteculturalsantafesino.com.ar\/usina3\/wp-json\/wp\/v2\/categories?post=15360"},{"taxonomy":"post_tag","embeddable":true,"href":"https:\/\/enteculturalsantafesino.com.ar\/usina3\/wp-json\/wp\/v2\/tags?post=15360"}],"curies":[{"name":"wp","href":"https:\/\/api.w.org\/{rel}","templated":true}]}}