{"id":15393,"date":"2024-12-30T16:37:38","date_gmt":"2024-12-30T16:37:38","guid":{"rendered":"https:\/\/enteculturalsantafesino.com.ar\/usina3\/?p=15393"},"modified":"2024-12-30T16:37:40","modified_gmt":"2024-12-30T16:37:40","slug":"melincue-tambien-se-suma-al-programa-abanderados","status":"publish","type":"post","link":"https:\/\/enteculturalsantafesino.com.ar\/usina3\/2024\/12\/melincue-tambien-se-suma-al-programa-abanderados\/","title":{"rendered":"Melincu\u00e9 tambi\u00e9n se suma al programa \u00abAbanderados\u00bb"},"content":{"rendered":"\n<p>En el marco de la <strong>\u00abFiesta de los Pueblos\u00bb <\/strong>llevada a cabo en la cabecera del dpto. Gral. L\u00f3pez, las autoridades comunales hicieron entrega de su bandera  a las autoridades del <strong>Ente Cultural Santafesino.<\/strong> <\/p>\n\n\n\n<p>El programa perteneciente al Ente Cultural Santafesino contin\u00faa con su recorrido por el territorio santafesino. Banderas de 12 departamentos y m\u00e1s de 40 comunidades siguen promoviendo nuestra identidad y nuestra cultura<\/p>\n\n\n\n<p><em>\u201cEsta propuesta sigue girando en cada una de las comunidades que sumaron su bandera y permite ampliar nuestra agenda cultural en cada rinc\u00f3n santafesino y cordob\u00e9s\u201d&nbsp;<\/em>&nbsp;sostuvo&nbsp;<strong>Claudia Giaccone<\/strong>.<\/p>\n\n\n\n<p>\u00abNuestras banderas representan identidad, pertenencia, libertad y diversidad\u201d coincidieron los exponentes, mientras que \u201cAbanderados nos permitir\u00e1 descubrir banderas de localidades de nuestro norte, centro y sur santafesino, como as\u00ed tambi\u00e9n las del sudeste cordob\u00e9s, contando con una gu\u00eda hist\u00f3rica y la posibilidad de seguir generando y creando nuevas banderas en pueblos y ciudades que a\u00fan no las tengan\u00bb<\/p>\n\n\n\n<p>En diciembre de 2006 se dio a conocer el resultado del concurso \u201cUna Bandera para mi pueblo\u201d. El primer premio lo obtuvo la Sra. Graciela Anal\u00eda Boglietti; la fundamentaci\u00f3n de la bandera es la siguiente, el \u00e1rea rosa y negra significa el ala de un flamenco, la celeste y azul la laguna ,la blanca el mangrullo. Estos elementos representan genuinamente los or\u00edgenes e identidad geogr\u00e1fica e idiosincrasia de la localidad. La misma ser\u00e1 izada por primera vez el 20 de junio de 2007.<\/p>\n","protected":false},"excerpt":{"rendered":"<p>En el marco de la \u00abFiesta de los Pueblos\u00bb llevada a cabo en la cabecera del dpto. [&hellip;]<\/p>\n","protected":false},"author":3,"featured_media":15394,"comment_status":"open","ping_status":"open","sticky":false,"template":"","format":"standard","meta":{"_jetpack_memberships_contains_paid_content":false,"footnotes":"","jetpack_publicize_message":"","jetpack_publicize_feature_enabled":true,"jetpack_social_post_already_shared":true,"jetpack_social_options":{"image_generator_settings":{"template":"highway","enabled":false}}},"categories":[4,24],"tags":[],"jetpack_publicize_connections":[],"jetpack_featured_media_url":"https:\/\/enteculturalsantafesino.com.ar\/usina3\/wp-content\/uploads\/2024\/12\/WhatsApp-Image-2024-12-30-at-11.41.26.jpeg","jetpack_sharing_enabled":true,"_links":{"self":[{"href":"https:\/\/enteculturalsantafesino.com.ar\/usina3\/wp-json\/wp\/v2\/posts\/15393"}],"collection":[{"href":"https:\/\/enteculturalsantafesino.com.ar\/usina3\/wp-json\/wp\/v2\/posts"}],"about":[{"href":"https:\/\/enteculturalsantafesino.com.ar\/usina3\/wp-json\/wp\/v2\/types\/post"}],"author":[{"embeddable":true,"href":"https:\/\/enteculturalsantafesino.com.ar\/usina3\/wp-json\/wp\/v2\/users\/3"}],"replies":[{"embeddable":true,"href":"https:\/\/enteculturalsantafesino.com.ar\/usina3\/wp-json\/wp\/v2\/comments?post=15393"}],"version-history":[{"count":1,"href":"https:\/\/enteculturalsantafesino.com.ar\/usina3\/wp-json\/wp\/v2\/posts\/15393\/revisions"}],"predecessor-version":[{"id":15395,"href":"https:\/\/enteculturalsantafesino.com.ar\/usina3\/wp-json\/wp\/v2\/posts\/15393\/revisions\/15395"}],"wp:featuredmedia":[{"embeddable":true,"href":"https:\/\/enteculturalsantafesino.com.ar\/usina3\/wp-json\/wp\/v2\/media\/15394"}],"wp:attachment":[{"href":"https:\/\/enteculturalsantafesino.com.ar\/usina3\/wp-json\/wp\/v2\/media?parent=15393"}],"wp:term":[{"taxonomy":"category","embeddable":true,"href":"https:\/\/enteculturalsantafesino.com.ar\/usina3\/wp-json\/wp\/v2\/categories?post=15393"},{"taxonomy":"post_tag","embeddable":true,"href":"https:\/\/enteculturalsantafesino.com.ar\/usina3\/wp-json\/wp\/v2\/tags?post=15393"}],"curies":[{"name":"wp","href":"https:\/\/api.w.org\/{rel}","templated":true}]}}